{"id":1421,"date":"2019-08-28T12:28:24","date_gmt":"2019-08-28T10:28:24","guid":{"rendered":"https:\/\/kravmagacaen.com\/?p=1421"},"modified":"2019-08-28T12:55:28","modified_gmt":"2019-08-28T10:55:28","slug":"rentree-septembre-2019","status":"publish","type":"post","link":"https:\/\/kravmagacaen.com\/index.php\/2019\/08\/28\/rentree-septembre-2019\/","title":{"rendered":"Rentr\u00e9e septembre 2019"},"content":{"rendered":"<p><img loading=\"lazy\" decoding=\"async\" class=\"wp-image-1423 aligncenter\" src=\"https:\/\/kravmagacaen.com\/wp-content\/uploads\/2019\/08\/KRAV-MAGA-AFFICHE-2019-2020-212x300.jpg\" alt=\"\" width=\"440\" height=\"623\" srcset=\"https:\/\/kravmagacaen.com\/wp-content\/uploads\/2019\/08\/KRAV-MAGA-AFFICHE-2019-2020-212x300.jpg 212w, https:\/\/kravmagacaen.com\/wp-content\/uploads\/2019\/08\/KRAV-MAGA-AFFICHE-2019-2020-768x1087.jpg 768w, https:\/\/kravmagacaen.com\/wp-content\/uploads\/2019\/08\/KRAV-MAGA-AFFICHE-2019-2020-724x1024.jpg 724w, https:\/\/kravmagacaen.com\/wp-content\/uploads\/2019\/08\/KRAV-MAGA-AFFICHE-2019-2020-830x1175.jpg 830w, https:\/\/kravmagacaen.com\/wp-content\/uploads\/2019\/08\/KRAV-MAGA-AFFICHE-2019-2020-230x325.jpg 230w, https:\/\/kravmagacaen.com\/wp-content\/uploads\/2019\/08\/KRAV-MAGA-AFFICHE-2019-2020-350x495.jpg 350w, https:\/\/kravmagacaen.com\/wp-content\/uploads\/2019\/08\/KRAV-MAGA-AFFICHE-2019-2020-480x679.jpg 480w\" sizes=\"auto, (max-width: 440px) 100vw, 440px\" \/><\/p>\n<ul>\n<li>Rentr\u00e9e Krav Maga Caen , le Lundi 2 septembre 2019 , cours de 19h \u00e0 20h30.\n<ul>\n<li>accueil \u00e0 partir de 18h30<\/li>\n<li>toutes les informations sur la page \u00ab\u00a0<a href=\"https:\/\/kravmagacaen.com\/index.php\/tarifs-et-horaires\/\">cours<\/a>\u00ab\u00a0.<\/li>\n<li>\u00a0tenue officielle pour les anciens licenci\u00e9s ou de sport pour les d\u00e9butants.<\/li>\n<li>les cours se d\u00e9roulent pieds nus.<\/li>\n<li>bouteille d&rsquo;eau, serviettes.<\/li>\n<\/ul>\n<\/li>\n<\/ul>\n<ul>\n<li>Pour d\u00e9couvrir le Krav Maga, voici notre livret f\u00e9d\u00e9ral pour d\u00e9butants.\n<ul>\n<li><a href=\"https:\/\/kravmagacaen.com\/wp-content\/uploads\/2017\/06\/Guide-Debutant-KM_screen.pdf\" target=\"_blank\" rel=\"noopener\">Guide Debutant Krav Maga<\/a><\/li>\n<\/ul>\n<\/li>\n<\/ul>\n<ul>\n<li>Pour \u00eatre en forme, d\u00e9couverte ou perfectionnement de la pr\u00e9paration physique pour le Krav Maga.\n<ul>\n<li><a href=\"https:\/\/kravmagacaen.com\/wp-content\/uploads\/2017\/06\/Guide-Pr\u00e9paration-Physique.pdf\" target=\"_blank\" rel=\"noopener\">Guide Pr\u00e9paration Physique<\/a><\/li>\n<\/ul>\n<\/li>\n<\/ul>\n","protected":false},"excerpt":{"rendered":"<p>Rentr\u00e9e Krav Maga Caen , le Lundi 2 septembre 2019 , cours de 19h \u00e0 20h30. accueil \u00e0 partir de 18h30 toutes les informations sur la page \u00ab\u00a0cours\u00ab\u00a0. \u00a0tenue officielle pour les anciens licenci\u00e9s ou de sport pour les d\u00e9butants. les cours se d\u00e9roulent pieds nus. bouteille d&rsquo;eau, serviettes. Pour d\u00e9couvrir le Krav Maga, voici [&hellip;]<\/p>\n","protected":false},"author":3,"featured_media":0,"comment_status":"closed","ping_status":"open","sticky":false,"template":"","format":"standard","meta":{"_exactmetrics_skip_tracking":false,"_exactmetrics_sitenote_active":false,"_exactmetrics_sitenote_note":"","_exactmetrics_sitenote_category":0,"footnotes":""},"categories":[12],"tags":[],"class_list":["post-1421","post","type-post","status-publish","format-standard","hentry","category-news"],"yoast_head":"<!-- This site is optimized with the Yoast SEO plugin v27.5 - https:\/\/yoast.com\/product\/yoast-seo-wordpress\/ -->\n<title>Rentr\u00e9e septembre 2019 - Krav Maga Caen<\/title>\n<meta name=\"robots\" content=\"index, follow, max-snippet:-1, max-image-preview:large, max-video-preview:-1\" \/>\n<link rel=\"canonical\" href=\"https:\/\/kravmagacaen.com\/index.php\/2019\/08\/28\/rentree-septembre-2019\/\" \/>\n<meta property=\"og:locale\" content=\"fr_FR\" \/>\n<meta property=\"og:type\" content=\"article\" \/>\n<meta property=\"og:title\" content=\"Rentr\u00e9e septembre 2019 - Krav Maga Caen\" \/>\n<meta property=\"og:description\" content=\"Rentr\u00e9e Krav Maga Caen , le Lundi 2 septembre 2019 , cours de 19h \u00e0 20h30. accueil \u00e0 partir de 18h30 toutes les informations sur la page \u00ab\u00a0cours\u00ab\u00a0. \u00a0tenue officielle pour les anciens licenci\u00e9s ou de sport pour les d\u00e9butants. les cours se d\u00e9roulent pieds nus. bouteille d&rsquo;eau, serviettes. Pour d\u00e9couvrir le Krav Maga, voici [&hellip;]\" \/>\n<meta property=\"og:url\" content=\"https:\/\/kravmagacaen.com\/index.php\/2019\/08\/28\/rentree-septembre-2019\/\" \/>\n<meta property=\"og:site_name\" content=\"Krav Maga Caen\" \/>\n<meta property=\"article:publisher\" content=\"https:\/\/www.facebook.com\/groups\/1646556705578289\/\" \/>\n<meta property=\"article:published_time\" content=\"2019-08-28T10:28:24+00:00\" \/>\n<meta property=\"article:modified_time\" content=\"2019-08-28T10:55:28+00:00\" \/>\n<meta property=\"og:image\" content=\"https:\/\/kravmagacaen.com\/wp-content\/uploads\/2019\/08\/KRAV-MAGA-AFFICHE-2019-2020-212x300.jpg\" \/>\n<meta name=\"author\" content=\"Christophe\" \/>\n<meta name=\"twitter:card\" content=\"summary_large_image\" \/>\n<meta name=\"twitter:label1\" content=\"\u00c9crit par\" \/>\n\t<meta name=\"twitter:data1\" content=\"Christophe\" \/>\n<script type=\"application\/ld+json\" class=\"yoast-schema-graph\">{\"@context\":\"https:\\\/\\\/schema.org\",\"@graph\":[{\"@type\":\"Article\",\"@id\":\"https:\\\/\\\/kravmagacaen.com\\\/index.php\\\/2019\\\/08\\\/28\\\/rentree-septembre-2019\\\/#article\",\"isPartOf\":{\"@id\":\"https:\\\/\\\/kravmagacaen.com\\\/index.php\\\/2019\\\/08\\\/28\\\/rentree-septembre-2019\\\/\"},\"author\":{\"name\":\"Christophe\",\"@id\":\"https:\\\/\\\/kravmagacaen.com\\\/#\\\/schema\\\/person\\\/14f72c3848a8c875cf6938cd48102a7d\"},\"headline\":\"Rentr\u00e9e septembre 2019\",\"datePublished\":\"2019-08-28T10:28:24+00:00\",\"dateModified\":\"2019-08-28T10:55:28+00:00\",\"mainEntityOfPage\":{\"@id\":\"https:\\\/\\\/kravmagacaen.com\\\/index.php\\\/2019\\\/08\\\/28\\\/rentree-septembre-2019\\\/\"},\"wordCount\":90,\"publisher\":{\"@id\":\"https:\\\/\\\/kravmagacaen.com\\\/#organization\"},\"image\":{\"@id\":\"https:\\\/\\\/kravmagacaen.com\\\/index.php\\\/2019\\\/08\\\/28\\\/rentree-septembre-2019\\\/#primaryimage\"},\"thumbnailUrl\":\"https:\\\/\\\/kravmagacaen.com\\\/wp-content\\\/uploads\\\/2019\\\/08\\\/KRAV-MAGA-AFFICHE-2019-2020-212x300.jpg\",\"articleSection\":[\"news\"],\"inLanguage\":\"fr-FR\"},{\"@type\":\"WebPage\",\"@id\":\"https:\\\/\\\/kravmagacaen.com\\\/index.php\\\/2019\\\/08\\\/28\\\/rentree-septembre-2019\\\/\",\"url\":\"https:\\\/\\\/kravmagacaen.com\\\/index.php\\\/2019\\\/08\\\/28\\\/rentree-septembre-2019\\\/\",\"name\":\"Rentr\u00e9e septembre 2019 - Krav Maga Caen\",\"isPartOf\":{\"@id\":\"https:\\\/\\\/kravmagacaen.com\\\/#website\"},\"primaryImageOfPage\":{\"@id\":\"https:\\\/\\\/kravmagacaen.com\\\/index.php\\\/2019\\\/08\\\/28\\\/rentree-septembre-2019\\\/#primaryimage\"},\"image\":{\"@id\":\"https:\\\/\\\/kravmagacaen.com\\\/index.php\\\/2019\\\/08\\\/28\\\/rentree-septembre-2019\\\/#primaryimage\"},\"thumbnailUrl\":\"https:\\\/\\\/kravmagacaen.com\\\/wp-content\\\/uploads\\\/2019\\\/08\\\/KRAV-MAGA-AFFICHE-2019-2020-212x300.jpg\",\"datePublished\":\"2019-08-28T10:28:24+00:00\",\"dateModified\":\"2019-08-28T10:55:28+00:00\",\"breadcrumb\":{\"@id\":\"https:\\\/\\\/kravmagacaen.com\\\/index.php\\\/2019\\\/08\\\/28\\\/rentree-septembre-2019\\\/#breadcrumb\"},\"inLanguage\":\"fr-FR\",\"potentialAction\":[{\"@type\":\"ReadAction\",\"target\":[\"https:\\\/\\\/kravmagacaen.com\\\/index.php\\\/2019\\\/08\\\/28\\\/rentree-septembre-2019\\\/\"]}]},{\"@type\":\"ImageObject\",\"inLanguage\":\"fr-FR\",\"@id\":\"https:\\\/\\\/kravmagacaen.com\\\/index.php\\\/2019\\\/08\\\/28\\\/rentree-septembre-2019\\\/#primaryimage\",\"url\":\"https:\\\/\\\/kravmagacaen.com\\\/wp-content\\\/uploads\\\/2019\\\/08\\\/KRAV-MAGA-AFFICHE-2019-2020.jpg\",\"contentUrl\":\"https:\\\/\\\/kravmagacaen.com\\\/wp-content\\\/uploads\\\/2019\\\/08\\\/KRAV-MAGA-AFFICHE-2019-2020.jpg\",\"width\":2479,\"height\":3508},{\"@type\":\"BreadcrumbList\",\"@id\":\"https:\\\/\\\/kravmagacaen.com\\\/index.php\\\/2019\\\/08\\\/28\\\/rentree-septembre-2019\\\/#breadcrumb\",\"itemListElement\":[{\"@type\":\"ListItem\",\"position\":1,\"name\":\"Accueil\",\"item\":\"https:\\\/\\\/kravmagacaen.com\\\/\"},{\"@type\":\"ListItem\",\"position\":2,\"name\":\"Rentr\u00e9e septembre 2019\"}]},{\"@type\":\"WebSite\",\"@id\":\"https:\\\/\\\/kravmagacaen.com\\\/#website\",\"url\":\"https:\\\/\\\/kravmagacaen.com\\\/\",\"name\":\"Krav Maga Caen\",\"description\":\"Club affili\u00e9 \u00e0 la FEKM\",\"publisher\":{\"@id\":\"https:\\\/\\\/kravmagacaen.com\\\/#organization\"},\"potentialAction\":[{\"@type\":\"SearchAction\",\"target\":{\"@type\":\"EntryPoint\",\"urlTemplate\":\"https:\\\/\\\/kravmagacaen.com\\\/?s={search_term_string}\"},\"query-input\":{\"@type\":\"PropertyValueSpecification\",\"valueRequired\":true,\"valueName\":\"search_term_string\"}}],\"inLanguage\":\"fr-FR\"},{\"@type\":\"Organization\",\"@id\":\"https:\\\/\\\/kravmagacaen.com\\\/#organization\",\"name\":\"Krav Maga Caen USCC\",\"url\":\"https:\\\/\\\/kravmagacaen.com\\\/\",\"logo\":{\"@type\":\"ImageObject\",\"inLanguage\":\"fr-FR\",\"@id\":\"https:\\\/\\\/kravmagacaen.com\\\/#\\\/schema\\\/logo\\\/image\\\/\",\"url\":\"https:\\\/\\\/kravmagacaen.com\\\/wp-content\\\/uploads\\\/2017\\\/08\\\/poing_baptiste.jpg\",\"contentUrl\":\"https:\\\/\\\/kravmagacaen.com\\\/wp-content\\\/uploads\\\/2017\\\/08\\\/poing_baptiste.jpg\",\"width\":640,\"height\":852,\"caption\":\"Krav Maga Caen USCC\"},\"image\":{\"@id\":\"https:\\\/\\\/kravmagacaen.com\\\/#\\\/schema\\\/logo\\\/image\\\/\"},\"sameAs\":[\"https:\\\/\\\/www.facebook.com\\\/groups\\\/1646556705578289\\\/\"]},{\"@type\":\"Person\",\"@id\":\"https:\\\/\\\/kravmagacaen.com\\\/#\\\/schema\\\/person\\\/14f72c3848a8c875cf6938cd48102a7d\",\"name\":\"Christophe\",\"image\":{\"@type\":\"ImageObject\",\"inLanguage\":\"fr-FR\",\"@id\":\"https:\\\/\\\/secure.gravatar.com\\\/avatar\\\/82c78d4cff5d11c31cef62a201edc4072d00edd5718c764044ce9f005e0d391d?s=96&d=mm&r=g\",\"url\":\"https:\\\/\\\/secure.gravatar.com\\\/avatar\\\/82c78d4cff5d11c31cef62a201edc4072d00edd5718c764044ce9f005e0d391d?s=96&d=mm&r=g\",\"contentUrl\":\"https:\\\/\\\/secure.gravatar.com\\\/avatar\\\/82c78d4cff5d11c31cef62a201edc4072d00edd5718c764044ce9f005e0d391d?s=96&d=mm&r=g\",\"caption\":\"Christophe\"},\"url\":\"https:\\\/\\\/kravmagacaen.com\\\/index.php\\\/author\\\/admindoudou\\\/\"}]}<\/script>\n<!-- \/ Yoast SEO plugin. -->","yoast_head_json":{"title":"Rentr\u00e9e septembre 2019 - Krav Maga Caen","robots":{"index":"index","follow":"follow","max-snippet":"max-snippet:-1","max-image-preview":"max-image-preview:large","max-video-preview":"max-video-preview:-1"},"canonical":"https:\/\/kravmagacaen.com\/index.php\/2019\/08\/28\/rentree-septembre-2019\/","og_locale":"fr_FR","og_type":"article","og_title":"Rentr\u00e9e septembre 2019 - Krav Maga Caen","og_description":"Rentr\u00e9e Krav Maga Caen , le Lundi 2 septembre 2019 , cours de 19h \u00e0 20h30. accueil \u00e0 partir de 18h30 toutes les informations sur la page \u00ab\u00a0cours\u00ab\u00a0. \u00a0tenue officielle pour les anciens licenci\u00e9s ou de sport pour les d\u00e9butants. les cours se d\u00e9roulent pieds nus. bouteille d&rsquo;eau, serviettes. Pour d\u00e9couvrir le Krav Maga, voici [&hellip;]","og_url":"https:\/\/kravmagacaen.com\/index.php\/2019\/08\/28\/rentree-septembre-2019\/","og_site_name":"Krav Maga Caen","article_publisher":"https:\/\/www.facebook.com\/groups\/1646556705578289\/","article_published_time":"2019-08-28T10:28:24+00:00","article_modified_time":"2019-08-28T10:55:28+00:00","og_image":[{"url":"https:\/\/kravmagacaen.com\/wp-content\/uploads\/2019\/08\/KRAV-MAGA-AFFICHE-2019-2020-212x300.jpg","type":"","width":"","height":""}],"author":"Christophe","twitter_card":"summary_large_image","twitter_misc":{"\u00c9crit par":"Christophe"},"schema":{"@context":"https:\/\/schema.org","@graph":[{"@type":"Article","@id":"https:\/\/kravmagacaen.com\/index.php\/2019\/08\/28\/rentree-septembre-2019\/#article","isPartOf":{"@id":"https:\/\/kravmagacaen.com\/index.php\/2019\/08\/28\/rentree-septembre-2019\/"},"author":{"name":"Christophe","@id":"https:\/\/kravmagacaen.com\/#\/schema\/person\/14f72c3848a8c875cf6938cd48102a7d"},"headline":"Rentr\u00e9e septembre 2019","datePublished":"2019-08-28T10:28:24+00:00","dateModified":"2019-08-28T10:55:28+00:00","mainEntityOfPage":{"@id":"https:\/\/kravmagacaen.com\/index.php\/2019\/08\/28\/rentree-septembre-2019\/"},"wordCount":90,"publisher":{"@id":"https:\/\/kravmagacaen.com\/#organization"},"image":{"@id":"https:\/\/kravmagacaen.com\/index.php\/2019\/08\/28\/rentree-septembre-2019\/#primaryimage"},"thumbnailUrl":"https:\/\/kravmagacaen.com\/wp-content\/uploads\/2019\/08\/KRAV-MAGA-AFFICHE-2019-2020-212x300.jpg","articleSection":["news"],"inLanguage":"fr-FR"},{"@type":"WebPage","@id":"https:\/\/kravmagacaen.com\/index.php\/2019\/08\/28\/rentree-septembre-2019\/","url":"https:\/\/kravmagacaen.com\/index.php\/2019\/08\/28\/rentree-septembre-2019\/","name":"Rentr\u00e9e septembre 2019 - Krav Maga Caen","isPartOf":{"@id":"https:\/\/kravmagacaen.com\/#website"},"primaryImageOfPage":{"@id":"https:\/\/kravmagacaen.com\/index.php\/2019\/08\/28\/rentree-septembre-2019\/#primaryimage"},"image":{"@id":"https:\/\/kravmagacaen.com\/index.php\/2019\/08\/28\/rentree-septembre-2019\/#primaryimage"},"thumbnailUrl":"https:\/\/kravmagacaen.com\/wp-content\/uploads\/2019\/08\/KRAV-MAGA-AFFICHE-2019-2020-212x300.jpg","datePublished":"2019-08-28T10:28:24+00:00","dateModified":"2019-08-28T10:55:28+00:00","breadcrumb":{"@id":"https:\/\/kravmagacaen.com\/index.php\/2019\/08\/28\/rentree-septembre-2019\/#breadcrumb"},"inLanguage":"fr-FR","potentialAction":[{"@type":"ReadAction","target":["https:\/\/kravmagacaen.com\/index.php\/2019\/08\/28\/rentree-septembre-2019\/"]}]},{"@type":"ImageObject","inLanguage":"fr-FR","@id":"https:\/\/kravmagacaen.com\/index.php\/2019\/08\/28\/rentree-septembre-2019\/#primaryimage","url":"https:\/\/kravmagacaen.com\/wp-content\/uploads\/2019\/08\/KRAV-MAGA-AFFICHE-2019-2020.jpg","contentUrl":"https:\/\/kravmagacaen.com\/wp-content\/uploads\/2019\/08\/KRAV-MAGA-AFFICHE-2019-2020.jpg","width":2479,"height":3508},{"@type":"BreadcrumbList","@id":"https:\/\/kravmagacaen.com\/index.php\/2019\/08\/28\/rentree-septembre-2019\/#breadcrumb","itemListElement":[{"@type":"ListItem","position":1,"name":"Accueil","item":"https:\/\/kravmagacaen.com\/"},{"@type":"ListItem","position":2,"name":"Rentr\u00e9e septembre 2019"}]},{"@type":"WebSite","@id":"https:\/\/kravmagacaen.com\/#website","url":"https:\/\/kravmagacaen.com\/","name":"Krav Maga Caen","description":"Club affili\u00e9 \u00e0 la FEKM","publisher":{"@id":"https:\/\/kravmagacaen.com\/#organization"},"potentialAction":[{"@type":"SearchAction","target":{"@type":"EntryPoint","urlTemplate":"https:\/\/kravmagacaen.com\/?s={search_term_string}"},"query-input":{"@type":"PropertyValueSpecification","valueRequired":true,"valueName":"search_term_string"}}],"inLanguage":"fr-FR"},{"@type":"Organization","@id":"https:\/\/kravmagacaen.com\/#organization","name":"Krav Maga Caen USCC","url":"https:\/\/kravmagacaen.com\/","logo":{"@type":"ImageObject","inLanguage":"fr-FR","@id":"https:\/\/kravmagacaen.com\/#\/schema\/logo\/image\/","url":"https:\/\/kravmagacaen.com\/wp-content\/uploads\/2017\/08\/poing_baptiste.jpg","contentUrl":"https:\/\/kravmagacaen.com\/wp-content\/uploads\/2017\/08\/poing_baptiste.jpg","width":640,"height":852,"caption":"Krav Maga Caen USCC"},"image":{"@id":"https:\/\/kravmagacaen.com\/#\/schema\/logo\/image\/"},"sameAs":["https:\/\/www.facebook.com\/groups\/1646556705578289\/"]},{"@type":"Person","@id":"https:\/\/kravmagacaen.com\/#\/schema\/person\/14f72c3848a8c875cf6938cd48102a7d","name":"Christophe","image":{"@type":"ImageObject","inLanguage":"fr-FR","@id":"https:\/\/secure.gravatar.com\/avatar\/82c78d4cff5d11c31cef62a201edc4072d00edd5718c764044ce9f005e0d391d?s=96&d=mm&r=g","url":"https:\/\/secure.gravatar.com\/avatar\/82c78d4cff5d11c31cef62a201edc4072d00edd5718c764044ce9f005e0d391d?s=96&d=mm&r=g","contentUrl":"https:\/\/secure.gravatar.com\/avatar\/82c78d4cff5d11c31cef62a201edc4072d00edd5718c764044ce9f005e0d391d?s=96&d=mm&r=g","caption":"Christophe"},"url":"https:\/\/kravmagacaen.com\/index.php\/author\/admindoudou\/"}]}},"_links":{"self":[{"href":"https:\/\/kravmagacaen.com\/index.php\/wp-json\/wp\/v2\/posts\/1421","targetHints":{"allow":["GET"]}}],"collection":[{"href":"https:\/\/kravmagacaen.com\/index.php\/wp-json\/wp\/v2\/posts"}],"about":[{"href":"https:\/\/kravmagacaen.com\/index.php\/wp-json\/wp\/v2\/types\/post"}],"author":[{"embeddable":true,"href":"https:\/\/kravmagacaen.com\/index.php\/wp-json\/wp\/v2\/users\/3"}],"replies":[{"embeddable":true,"href":"https:\/\/kravmagacaen.com\/index.php\/wp-json\/wp\/v2\/comments?post=1421"}],"version-history":[{"count":4,"href":"https:\/\/kravmagacaen.com\/index.php\/wp-json\/wp\/v2\/posts\/1421\/revisions"}],"predecessor-version":[{"id":1436,"href":"https:\/\/kravmagacaen.com\/index.php\/wp-json\/wp\/v2\/posts\/1421\/revisions\/1436"}],"wp:attachment":[{"href":"https:\/\/kravmagacaen.com\/index.php\/wp-json\/wp\/v2\/media?parent=1421"}],"wp:term":[{"taxonomy":"category","embeddable":true,"href":"https:\/\/kravmagacaen.com\/index.php\/wp-json\/wp\/v2\/categories?post=1421"},{"taxonomy":"post_tag","embeddable":true,"href":"https:\/\/kravmagacaen.com\/index.php\/wp-json\/wp\/v2\/tags?post=1421"}],"curies":[{"name":"wp","href":"https:\/\/api.w.org\/{rel}","templated":true}]}}