{"id":2382,"date":"2022-11-06T16:07:46","date_gmt":"2022-11-06T15:07:46","guid":{"rendered":"https:\/\/kravmagacaen.com\/?p=2382"},"modified":"2022-11-06T16:12:09","modified_gmt":"2022-11-06T15:12:09","slug":"initiation-self-defense-100-feminine","status":"publish","type":"post","link":"https:\/\/kravmagacaen.com\/index.php\/2022\/11\/06\/initiation-self-defense-100-feminine\/","title":{"rendered":"Initiation Self d\u00e9fense 100% F\u00e9minine"},"content":{"rendered":"<div class=\"xdj266r x11i5rnm xat24cr x1mh8g0r x1vvkbs\">Votre club Krav Maga Caen participe activement \u00e0 la \u00ab\u00a0Journ\u00e9e Internationale de Lutte contre les Violences fa\u00eetes aux Femmes\u00a0\u00bb.<\/div>\n<div><\/div>\n<div>Le staff de Krav Maga Caen organise donc un \u00ab\u00a0Stage de Self D\u00e9fense F\u00e9minine\u00a0\u00bb le <strong>samedi 26 novembre<\/strong> r\u00e9serv\u00e9 au public f\u00e9minin uniquement.<\/div>\n<p><a href=\"https:\/\/kravmagacaen.com\/wp-content\/uploads\/2022\/11\/self-defense-feminine-KMC-2022-23.jpg\" target=\"_blank\" rel=\"noopener\"><img loading=\"lazy\" decoding=\"async\" class=\"wp-image-2383 alignleft\" src=\"https:\/\/kravmagacaen.com\/wp-content\/uploads\/2022\/11\/self-defense-feminine-KMC-2022-23-212x300.jpg\" alt=\"\" width=\"228\" height=\"322\" srcset=\"https:\/\/kravmagacaen.com\/wp-content\/uploads\/2022\/11\/self-defense-feminine-KMC-2022-23-212x300.jpg 212w, https:\/\/kravmagacaen.com\/wp-content\/uploads\/2022\/11\/self-defense-feminine-KMC-2022-23-724x1024.jpg 724w, https:\/\/kravmagacaen.com\/wp-content\/uploads\/2022\/11\/self-defense-feminine-KMC-2022-23-768x1086.jpg 768w, https:\/\/kravmagacaen.com\/wp-content\/uploads\/2022\/11\/self-defense-feminine-KMC-2022-23-1086x1536.jpg 1086w, https:\/\/kravmagacaen.com\/wp-content\/uploads\/2022\/11\/self-defense-feminine-KMC-2022-23-1000x1415.jpg 1000w, https:\/\/kravmagacaen.com\/wp-content\/uploads\/2022\/11\/self-defense-feminine-KMC-2022-23-230x325.jpg 230w, https:\/\/kravmagacaen.com\/wp-content\/uploads\/2022\/11\/self-defense-feminine-KMC-2022-23-350x495.jpg 350w, https:\/\/kravmagacaen.com\/wp-content\/uploads\/2022\/11\/self-defense-feminine-KMC-2022-23-480x679.jpg 480w, https:\/\/kravmagacaen.com\/wp-content\/uploads\/2022\/11\/self-defense-feminine-KMC-2022-23.jpg 1240w\" sizes=\"auto, (max-width: 228px) 100vw, 228px\" \/><\/a><\/p>\n<div class=\"x11i5rnm xat24cr x1mh8g0r x1vvkbs xtlvy1s\"><\/div>\n<div class=\"x11i5rnm xat24cr x1mh8g0r x1vvkbs xtlvy1s\"><\/div>\n<div class=\"x11i5rnm xat24cr x1mh8g0r x1vvkbs xtlvy1s\">Ce stage sera anim\u00e9 par Typhanie , membre du staff Krav Maga Caen, r\u00e9f\u00e9rente public f\u00e9minin, ceinture noire 2\u00e8me darga de Krav Maga FEKM, jury national FEKM.<\/div>\n<div><\/div>\n<div class=\"x11i5rnm xat24cr x1mh8g0r x1vvkbs xtlvy1s\"><\/div>\n<div class=\"x11i5rnm xat24cr x1mh8g0r x1vvkbs xtlvy1s\">Cet \u00e9v\u00e8nement aura lieu \u00e0 la salle \u00ab\u00a0Adr\u00e9naline Fight Team\u00a0\u00bb, situ\u00e9e au 101 rue Philippe Livry quartier Koenig \u00e0 Bretteville sur Odon (14760), attention il y a des travaux, l&rsquo;acc\u00e8s ne se fait que par Carpiquet<\/div>\n<p><span class=\"x3nfvp2 x1j61x8r x1fcty0u xdj266r xhhsvwb xat24cr xgzva0m xxymvpz xlup9mm x1kky2od\"><img loading=\"lazy\" decoding=\"async\" src=\"https:\/\/static.xx.fbcdn.net\/images\/emoji.php\/v9\/t34\/1\/16\/23f0.png\" alt=\"\u23f0\" width=\"16\" height=\"16\" \/><\/span><span class=\"x3nfvp2 x1j61x8r x1fcty0u xdj266r xhhsvwb xat24cr xgzva0m xxymvpz xlup9mm x1kky2od\"><img loading=\"lazy\" decoding=\"async\" src=\"https:\/\/static.xx.fbcdn.net\/images\/emoji.php\/v9\/t34\/1\/16\/23f0.png\" alt=\"\u23f0\" width=\"16\" height=\"16\" \/><\/span>\u00a0Nous vous accueillerons sur place \u00e0 partir de 13h30, pour un d\u00e9but de stage \u00e0 14h, jusqu&rsquo;\u00e0 17h.<span class=\"x3nfvp2 x1j61x8r x1fcty0u xdj266r xhhsvwb xat24cr xgzva0m xxymvpz xlup9mm x1kky2od\"><img loading=\"lazy\" decoding=\"async\" src=\"https:\/\/static.xx.fbcdn.net\/images\/emoji.php\/v9\/t34\/1\/16\/23f0.png\" alt=\"\u23f0\" width=\"16\" height=\"16\" \/><\/span><span class=\"x3nfvp2 x1j61x8r x1fcty0u xdj266r xhhsvwb xat24cr xgzva0m xxymvpz xlup9mm x1kky2od\"><img loading=\"lazy\" decoding=\"async\" src=\"https:\/\/static.xx.fbcdn.net\/images\/emoji.php\/v9\/t34\/1\/16\/23f0.png\" alt=\"\u23f0\" width=\"16\" height=\"16\" \/><\/span><\/p>\n<div class=\"x11i5rnm xat24cr x1mh8g0r x1vvkbs xtlvy1s\"><\/div>\n<div><\/div>\n<div class=\"x11i5rnm xat24cr x1mh8g0r x1vvkbs xtlvy1s\">Ce stage est un \u00e9v\u00e8nement caritatif, <strong>l&rsquo;ensemble de la recette sera revers\u00e9 \u00e0 l&rsquo;association \u00ab\u00a0Itin\u00e9raires\u00a0\u00bb de Caen<\/strong>.<br \/>\nCette association a pour but de mettre \u00e0 la disposition de toute personne isol\u00e9e, avec ou sans enfants, en situation de d\u00e9tresse, une aide mat\u00e9rielle, morale et psychologique lui permettant de surmonter ses difficult\u00e9s.<\/div>\n<div><\/div>\n<div class=\"x11i5rnm xat24cr x1mh8g0r x1vvkbs xtlvy1s\"><strong>Le co\u00fbt du stage est de 15,00 euros<\/strong>. L&rsquo;inscription se d\u00e9roule sur place.<\/div>\n<div class=\"x11i5rnm xat24cr x1mh8g0r x1vvkbs xtlvy1s\"><\/div>\n<div class=\"x11i5rnm xat24cr x1mh8g0r x1vvkbs xtlvy1s\">Sur cet \u00e9v\u00e9nement, plusieurs th\u00e8mes sp\u00e9cifiques seront abord\u00e9s:<\/div>\n<div class=\"x11i5rnm xat24cr x1mh8g0r x1vvkbs xtlvy1s\"><span class=\"x3nfvp2 x1j61x8r x1fcty0u xdj266r xhhsvwb xat24cr xgzva0m xxymvpz xlup9mm x1kky2od\"><img loading=\"lazy\" decoding=\"async\" src=\"https:\/\/static.xx.fbcdn.net\/images\/emoji.php\/v9\/t60\/1\/16\/1f51d.png\" alt=\"\ud83d\udd1d\" width=\"16\" height=\"16\" \/><\/span>Self D\u00e9fense par les femmes, pour les femmes.<\/div>\n<div class=\"x11i5rnm xat24cr x1mh8g0r x1vvkbs xtlvy1s\"><span class=\"x3nfvp2 x1j61x8r x1fcty0u xdj266r xhhsvwb xat24cr xgzva0m xxymvpz xlup9mm x1kky2od\"><img loading=\"lazy\" decoding=\"async\" src=\"https:\/\/static.xx.fbcdn.net\/images\/emoji.php\/v9\/t60\/1\/16\/1f51d.png\" alt=\"\ud83d\udd1d\" width=\"16\" height=\"16\" \/><\/span>Pr\u00e9venir et Anticiper des situations conflictuelles rencontr\u00e9es au quotidien par les femmes.<\/div>\n<div class=\"x11i5rnm xat24cr x1mh8g0r x1vvkbs xtlvy1s\"><span class=\"x3nfvp2 x1j61x8r x1fcty0u xdj266r xhhsvwb xat24cr xgzva0m xxymvpz xlup9mm x1kky2od\"><img loading=\"lazy\" decoding=\"async\" src=\"https:\/\/static.xx.fbcdn.net\/images\/emoji.php\/v9\/t60\/1\/16\/1f51d.png\" alt=\"\ud83d\udd1d\" width=\"16\" height=\"16\" \/><\/span>Adapter les bons r\u00e9flexes en cas d&rsquo;agression, pour pr\u00e9server son int\u00e9grit\u00e9 physique et psychologique.<\/div>\n<div><\/div>\n<div class=\"x11i5rnm xat24cr x1mh8g0r x1vvkbs xtlvy1s\">Ce stage est ouvert \u00e0 toutes, licenci\u00e9es FEKM ou non, d\u00e9butantes, novices, interm\u00e9diaires, confirm\u00e9es.<\/div>\n<div><\/div>\n<div><a href=\"https:\/\/www.facebook.com\/events\/514900200493917\/?ref=newsfeed\" target=\"_blank\" rel=\"noopener\"><img loading=\"lazy\" decoding=\"async\" class=\"alignnone  wp-image-2356\" src=\"https:\/\/kravmagacaen.com\/wp-content\/uploads\/2022\/10\/image.png\" alt=\"\" width=\"39\" height=\"39\" \/> \u00e9v\u00e8nement Facebook<\/a><\/div>\n","protected":false},"excerpt":{"rendered":"<p>Votre club Krav Maga Caen participe activement \u00e0 la \u00ab\u00a0Journ\u00e9e Internationale de Lutte contre les Violences fa\u00eetes aux Femmes\u00a0\u00bb. Le staff de Krav Maga Caen organise donc un \u00ab\u00a0Stage de Self D\u00e9fense F\u00e9minine\u00a0\u00bb le samedi 26 novembre r\u00e9serv\u00e9 au public f\u00e9minin uniquement. Ce stage sera anim\u00e9 par Typhanie , membre du staff Krav Maga Caen, [&hellip;]<\/p>\n","protected":false},"author":3,"featured_media":0,"comment_status":"closed","ping_status":"open","sticky":false,"template":"","format":"standard","meta":{"_exactmetrics_skip_tracking":false,"_exactmetrics_sitenote_active":false,"_exactmetrics_sitenote_note":"","_exactmetrics_sitenote_category":0,"footnotes":""},"categories":[12],"tags":[],"class_list":["post-2382","post","type-post","status-publish","format-standard","hentry","category-news"],"yoast_head":"<!-- This site is optimized with the Yoast SEO plugin v27.5 - https:\/\/yoast.com\/product\/yoast-seo-wordpress\/ -->\n<title>Initiation Self d\u00e9fense 100% F\u00e9minine - Krav Maga Caen<\/title>\n<meta name=\"robots\" content=\"index, follow, max-snippet:-1, max-image-preview:large, max-video-preview:-1\" \/>\n<link rel=\"canonical\" href=\"https:\/\/kravmagacaen.com\/index.php\/2022\/11\/06\/initiation-self-defense-100-feminine\/\" \/>\n<meta property=\"og:locale\" content=\"fr_FR\" \/>\n<meta property=\"og:type\" content=\"article\" \/>\n<meta property=\"og:title\" content=\"Initiation Self d\u00e9fense 100% F\u00e9minine - Krav Maga Caen\" \/>\n<meta property=\"og:description\" content=\"Votre club Krav Maga Caen participe activement \u00e0 la \u00ab\u00a0Journ\u00e9e Internationale de Lutte contre les Violences fa\u00eetes aux Femmes\u00a0\u00bb. Le staff de Krav Maga Caen organise donc un \u00ab\u00a0Stage de Self D\u00e9fense F\u00e9minine\u00a0\u00bb le samedi 26 novembre r\u00e9serv\u00e9 au public f\u00e9minin uniquement. Ce stage sera anim\u00e9 par Typhanie , membre du staff Krav Maga Caen, [&hellip;]\" \/>\n<meta property=\"og:url\" content=\"https:\/\/kravmagacaen.com\/index.php\/2022\/11\/06\/initiation-self-defense-100-feminine\/\" \/>\n<meta property=\"og:site_name\" content=\"Krav Maga Caen\" \/>\n<meta property=\"article:publisher\" content=\"https:\/\/www.facebook.com\/groups\/1646556705578289\/\" \/>\n<meta property=\"article:published_time\" content=\"2022-11-06T15:07:46+00:00\" \/>\n<meta property=\"article:modified_time\" content=\"2022-11-06T15:12:09+00:00\" \/>\n<meta property=\"og:image\" content=\"https:\/\/kravmagacaen.com\/wp-content\/uploads\/2022\/11\/self-defense-feminine-KMC-2022-23-212x300.jpg\" \/>\n<meta name=\"author\" content=\"Christophe\" \/>\n<meta name=\"twitter:card\" content=\"summary_large_image\" \/>\n<meta name=\"twitter:label1\" content=\"\u00c9crit par\" \/>\n\t<meta name=\"twitter:data1\" content=\"Christophe\" \/>\n\t<meta name=\"twitter:label2\" content=\"Dur\u00e9e de lecture estim\u00e9e\" \/>\n\t<meta name=\"twitter:data2\" content=\"4 minutes\" \/>\n<script type=\"application\/ld+json\" class=\"yoast-schema-graph\">{\"@context\":\"https:\\\/\\\/schema.org\",\"@graph\":[{\"@type\":\"Article\",\"@id\":\"https:\\\/\\\/kravmagacaen.com\\\/index.php\\\/2022\\\/11\\\/06\\\/initiation-self-defense-100-feminine\\\/#article\",\"isPartOf\":{\"@id\":\"https:\\\/\\\/kravmagacaen.com\\\/index.php\\\/2022\\\/11\\\/06\\\/initiation-self-defense-100-feminine\\\/\"},\"author\":{\"name\":\"Christophe\",\"@id\":\"https:\\\/\\\/kravmagacaen.com\\\/#\\\/schema\\\/person\\\/14f72c3848a8c875cf6938cd48102a7d\"},\"headline\":\"Initiation Self d\u00e9fense 100% F\u00e9minine\",\"datePublished\":\"2022-11-06T15:07:46+00:00\",\"dateModified\":\"2022-11-06T15:12:09+00:00\",\"mainEntityOfPage\":{\"@id\":\"https:\\\/\\\/kravmagacaen.com\\\/index.php\\\/2022\\\/11\\\/06\\\/initiation-self-defense-100-feminine\\\/\"},\"wordCount\":275,\"publisher\":{\"@id\":\"https:\\\/\\\/kravmagacaen.com\\\/#organization\"},\"image\":{\"@id\":\"https:\\\/\\\/kravmagacaen.com\\\/index.php\\\/2022\\\/11\\\/06\\\/initiation-self-defense-100-feminine\\\/#primaryimage\"},\"thumbnailUrl\":\"https:\\\/\\\/kravmagacaen.com\\\/wp-content\\\/uploads\\\/2022\\\/11\\\/self-defense-feminine-KMC-2022-23-212x300.jpg\",\"articleSection\":[\"news\"],\"inLanguage\":\"fr-FR\"},{\"@type\":\"WebPage\",\"@id\":\"https:\\\/\\\/kravmagacaen.com\\\/index.php\\\/2022\\\/11\\\/06\\\/initiation-self-defense-100-feminine\\\/\",\"url\":\"https:\\\/\\\/kravmagacaen.com\\\/index.php\\\/2022\\\/11\\\/06\\\/initiation-self-defense-100-feminine\\\/\",\"name\":\"Initiation Self d\u00e9fense 100% F\u00e9minine - Krav Maga Caen\",\"isPartOf\":{\"@id\":\"https:\\\/\\\/kravmagacaen.com\\\/#website\"},\"primaryImageOfPage\":{\"@id\":\"https:\\\/\\\/kravmagacaen.com\\\/index.php\\\/2022\\\/11\\\/06\\\/initiation-self-defense-100-feminine\\\/#primaryimage\"},\"image\":{\"@id\":\"https:\\\/\\\/kravmagacaen.com\\\/index.php\\\/2022\\\/11\\\/06\\\/initiation-self-defense-100-feminine\\\/#primaryimage\"},\"thumbnailUrl\":\"https:\\\/\\\/kravmagacaen.com\\\/wp-content\\\/uploads\\\/2022\\\/11\\\/self-defense-feminine-KMC-2022-23-212x300.jpg\",\"datePublished\":\"2022-11-06T15:07:46+00:00\",\"dateModified\":\"2022-11-06T15:12:09+00:00\",\"breadcrumb\":{\"@id\":\"https:\\\/\\\/kravmagacaen.com\\\/index.php\\\/2022\\\/11\\\/06\\\/initiation-self-defense-100-feminine\\\/#breadcrumb\"},\"inLanguage\":\"fr-FR\",\"potentialAction\":[{\"@type\":\"ReadAction\",\"target\":[\"https:\\\/\\\/kravmagacaen.com\\\/index.php\\\/2022\\\/11\\\/06\\\/initiation-self-defense-100-feminine\\\/\"]}]},{\"@type\":\"ImageObject\",\"inLanguage\":\"fr-FR\",\"@id\":\"https:\\\/\\\/kravmagacaen.com\\\/index.php\\\/2022\\\/11\\\/06\\\/initiation-self-defense-100-feminine\\\/#primaryimage\",\"url\":\"https:\\\/\\\/kravmagacaen.com\\\/wp-content\\\/uploads\\\/2022\\\/11\\\/self-defense-feminine-KMC-2022-23.jpg\",\"contentUrl\":\"https:\\\/\\\/kravmagacaen.com\\\/wp-content\\\/uploads\\\/2022\\\/11\\\/self-defense-feminine-KMC-2022-23.jpg\",\"width\":1240,\"height\":1754},{\"@type\":\"BreadcrumbList\",\"@id\":\"https:\\\/\\\/kravmagacaen.com\\\/index.php\\\/2022\\\/11\\\/06\\\/initiation-self-defense-100-feminine\\\/#breadcrumb\",\"itemListElement\":[{\"@type\":\"ListItem\",\"position\":1,\"name\":\"Accueil\",\"item\":\"https:\\\/\\\/kravmagacaen.com\\\/\"},{\"@type\":\"ListItem\",\"position\":2,\"name\":\"Initiation Self d\u00e9fense 100% F\u00e9minine\"}]},{\"@type\":\"WebSite\",\"@id\":\"https:\\\/\\\/kravmagacaen.com\\\/#website\",\"url\":\"https:\\\/\\\/kravmagacaen.com\\\/\",\"name\":\"Krav Maga Caen\",\"description\":\"Club affili\u00e9 \u00e0 la FEKM\",\"publisher\":{\"@id\":\"https:\\\/\\\/kravmagacaen.com\\\/#organization\"},\"potentialAction\":[{\"@type\":\"SearchAction\",\"target\":{\"@type\":\"EntryPoint\",\"urlTemplate\":\"https:\\\/\\\/kravmagacaen.com\\\/?s={search_term_string}\"},\"query-input\":{\"@type\":\"PropertyValueSpecification\",\"valueRequired\":true,\"valueName\":\"search_term_string\"}}],\"inLanguage\":\"fr-FR\"},{\"@type\":\"Organization\",\"@id\":\"https:\\\/\\\/kravmagacaen.com\\\/#organization\",\"name\":\"Krav Maga Caen USCC\",\"url\":\"https:\\\/\\\/kravmagacaen.com\\\/\",\"logo\":{\"@type\":\"ImageObject\",\"inLanguage\":\"fr-FR\",\"@id\":\"https:\\\/\\\/kravmagacaen.com\\\/#\\\/schema\\\/logo\\\/image\\\/\",\"url\":\"https:\\\/\\\/kravmagacaen.com\\\/wp-content\\\/uploads\\\/2017\\\/08\\\/poing_baptiste.jpg\",\"contentUrl\":\"https:\\\/\\\/kravmagacaen.com\\\/wp-content\\\/uploads\\\/2017\\\/08\\\/poing_baptiste.jpg\",\"width\":640,\"height\":852,\"caption\":\"Krav Maga Caen USCC\"},\"image\":{\"@id\":\"https:\\\/\\\/kravmagacaen.com\\\/#\\\/schema\\\/logo\\\/image\\\/\"},\"sameAs\":[\"https:\\\/\\\/www.facebook.com\\\/groups\\\/1646556705578289\\\/\"]},{\"@type\":\"Person\",\"@id\":\"https:\\\/\\\/kravmagacaen.com\\\/#\\\/schema\\\/person\\\/14f72c3848a8c875cf6938cd48102a7d\",\"name\":\"Christophe\",\"image\":{\"@type\":\"ImageObject\",\"inLanguage\":\"fr-FR\",\"@id\":\"https:\\\/\\\/secure.gravatar.com\\\/avatar\\\/82c78d4cff5d11c31cef62a201edc4072d00edd5718c764044ce9f005e0d391d?s=96&d=mm&r=g\",\"url\":\"https:\\\/\\\/secure.gravatar.com\\\/avatar\\\/82c78d4cff5d11c31cef62a201edc4072d00edd5718c764044ce9f005e0d391d?s=96&d=mm&r=g\",\"contentUrl\":\"https:\\\/\\\/secure.gravatar.com\\\/avatar\\\/82c78d4cff5d11c31cef62a201edc4072d00edd5718c764044ce9f005e0d391d?s=96&d=mm&r=g\",\"caption\":\"Christophe\"},\"url\":\"https:\\\/\\\/kravmagacaen.com\\\/index.php\\\/author\\\/admindoudou\\\/\"}]}<\/script>\n<!-- \/ Yoast SEO plugin. -->","yoast_head_json":{"title":"Initiation Self d\u00e9fense 100% F\u00e9minine - Krav Maga Caen","robots":{"index":"index","follow":"follow","max-snippet":"max-snippet:-1","max-image-preview":"max-image-preview:large","max-video-preview":"max-video-preview:-1"},"canonical":"https:\/\/kravmagacaen.com\/index.php\/2022\/11\/06\/initiation-self-defense-100-feminine\/","og_locale":"fr_FR","og_type":"article","og_title":"Initiation Self d\u00e9fense 100% F\u00e9minine - Krav Maga Caen","og_description":"Votre club Krav Maga Caen participe activement \u00e0 la \u00ab\u00a0Journ\u00e9e Internationale de Lutte contre les Violences fa\u00eetes aux Femmes\u00a0\u00bb. Le staff de Krav Maga Caen organise donc un \u00ab\u00a0Stage de Self D\u00e9fense F\u00e9minine\u00a0\u00bb le samedi 26 novembre r\u00e9serv\u00e9 au public f\u00e9minin uniquement. Ce stage sera anim\u00e9 par Typhanie , membre du staff Krav Maga Caen, [&hellip;]","og_url":"https:\/\/kravmagacaen.com\/index.php\/2022\/11\/06\/initiation-self-defense-100-feminine\/","og_site_name":"Krav Maga Caen","article_publisher":"https:\/\/www.facebook.com\/groups\/1646556705578289\/","article_published_time":"2022-11-06T15:07:46+00:00","article_modified_time":"2022-11-06T15:12:09+00:00","og_image":[{"url":"https:\/\/kravmagacaen.com\/wp-content\/uploads\/2022\/11\/self-defense-feminine-KMC-2022-23-212x300.jpg","type":"","width":"","height":""}],"author":"Christophe","twitter_card":"summary_large_image","twitter_misc":{"\u00c9crit par":"Christophe","Dur\u00e9e de lecture estim\u00e9e":"4 minutes"},"schema":{"@context":"https:\/\/schema.org","@graph":[{"@type":"Article","@id":"https:\/\/kravmagacaen.com\/index.php\/2022\/11\/06\/initiation-self-defense-100-feminine\/#article","isPartOf":{"@id":"https:\/\/kravmagacaen.com\/index.php\/2022\/11\/06\/initiation-self-defense-100-feminine\/"},"author":{"name":"Christophe","@id":"https:\/\/kravmagacaen.com\/#\/schema\/person\/14f72c3848a8c875cf6938cd48102a7d"},"headline":"Initiation Self d\u00e9fense 100% F\u00e9minine","datePublished":"2022-11-06T15:07:46+00:00","dateModified":"2022-11-06T15:12:09+00:00","mainEntityOfPage":{"@id":"https:\/\/kravmagacaen.com\/index.php\/2022\/11\/06\/initiation-self-defense-100-feminine\/"},"wordCount":275,"publisher":{"@id":"https:\/\/kravmagacaen.com\/#organization"},"image":{"@id":"https:\/\/kravmagacaen.com\/index.php\/2022\/11\/06\/initiation-self-defense-100-feminine\/#primaryimage"},"thumbnailUrl":"https:\/\/kravmagacaen.com\/wp-content\/uploads\/2022\/11\/self-defense-feminine-KMC-2022-23-212x300.jpg","articleSection":["news"],"inLanguage":"fr-FR"},{"@type":"WebPage","@id":"https:\/\/kravmagacaen.com\/index.php\/2022\/11\/06\/initiation-self-defense-100-feminine\/","url":"https:\/\/kravmagacaen.com\/index.php\/2022\/11\/06\/initiation-self-defense-100-feminine\/","name":"Initiation Self d\u00e9fense 100% F\u00e9minine - Krav Maga Caen","isPartOf":{"@id":"https:\/\/kravmagacaen.com\/#website"},"primaryImageOfPage":{"@id":"https:\/\/kravmagacaen.com\/index.php\/2022\/11\/06\/initiation-self-defense-100-feminine\/#primaryimage"},"image":{"@id":"https:\/\/kravmagacaen.com\/index.php\/2022\/11\/06\/initiation-self-defense-100-feminine\/#primaryimage"},"thumbnailUrl":"https:\/\/kravmagacaen.com\/wp-content\/uploads\/2022\/11\/self-defense-feminine-KMC-2022-23-212x300.jpg","datePublished":"2022-11-06T15:07:46+00:00","dateModified":"2022-11-06T15:12:09+00:00","breadcrumb":{"@id":"https:\/\/kravmagacaen.com\/index.php\/2022\/11\/06\/initiation-self-defense-100-feminine\/#breadcrumb"},"inLanguage":"fr-FR","potentialAction":[{"@type":"ReadAction","target":["https:\/\/kravmagacaen.com\/index.php\/2022\/11\/06\/initiation-self-defense-100-feminine\/"]}]},{"@type":"ImageObject","inLanguage":"fr-FR","@id":"https:\/\/kravmagacaen.com\/index.php\/2022\/11\/06\/initiation-self-defense-100-feminine\/#primaryimage","url":"https:\/\/kravmagacaen.com\/wp-content\/uploads\/2022\/11\/self-defense-feminine-KMC-2022-23.jpg","contentUrl":"https:\/\/kravmagacaen.com\/wp-content\/uploads\/2022\/11\/self-defense-feminine-KMC-2022-23.jpg","width":1240,"height":1754},{"@type":"BreadcrumbList","@id":"https:\/\/kravmagacaen.com\/index.php\/2022\/11\/06\/initiation-self-defense-100-feminine\/#breadcrumb","itemListElement":[{"@type":"ListItem","position":1,"name":"Accueil","item":"https:\/\/kravmagacaen.com\/"},{"@type":"ListItem","position":2,"name":"Initiation Self d\u00e9fense 100% F\u00e9minine"}]},{"@type":"WebSite","@id":"https:\/\/kravmagacaen.com\/#website","url":"https:\/\/kravmagacaen.com\/","name":"Krav Maga Caen","description":"Club affili\u00e9 \u00e0 la FEKM","publisher":{"@id":"https:\/\/kravmagacaen.com\/#organization"},"potentialAction":[{"@type":"SearchAction","target":{"@type":"EntryPoint","urlTemplate":"https:\/\/kravmagacaen.com\/?s={search_term_string}"},"query-input":{"@type":"PropertyValueSpecification","valueRequired":true,"valueName":"search_term_string"}}],"inLanguage":"fr-FR"},{"@type":"Organization","@id":"https:\/\/kravmagacaen.com\/#organization","name":"Krav Maga Caen USCC","url":"https:\/\/kravmagacaen.com\/","logo":{"@type":"ImageObject","inLanguage":"fr-FR","@id":"https:\/\/kravmagacaen.com\/#\/schema\/logo\/image\/","url":"https:\/\/kravmagacaen.com\/wp-content\/uploads\/2017\/08\/poing_baptiste.jpg","contentUrl":"https:\/\/kravmagacaen.com\/wp-content\/uploads\/2017\/08\/poing_baptiste.jpg","width":640,"height":852,"caption":"Krav Maga Caen USCC"},"image":{"@id":"https:\/\/kravmagacaen.com\/#\/schema\/logo\/image\/"},"sameAs":["https:\/\/www.facebook.com\/groups\/1646556705578289\/"]},{"@type":"Person","@id":"https:\/\/kravmagacaen.com\/#\/schema\/person\/14f72c3848a8c875cf6938cd48102a7d","name":"Christophe","image":{"@type":"ImageObject","inLanguage":"fr-FR","@id":"https:\/\/secure.gravatar.com\/avatar\/82c78d4cff5d11c31cef62a201edc4072d00edd5718c764044ce9f005e0d391d?s=96&d=mm&r=g","url":"https:\/\/secure.gravatar.com\/avatar\/82c78d4cff5d11c31cef62a201edc4072d00edd5718c764044ce9f005e0d391d?s=96&d=mm&r=g","contentUrl":"https:\/\/secure.gravatar.com\/avatar\/82c78d4cff5d11c31cef62a201edc4072d00edd5718c764044ce9f005e0d391d?s=96&d=mm&r=g","caption":"Christophe"},"url":"https:\/\/kravmagacaen.com\/index.php\/author\/admindoudou\/"}]}},"_links":{"self":[{"href":"https:\/\/kravmagacaen.com\/index.php\/wp-json\/wp\/v2\/posts\/2382","targetHints":{"allow":["GET"]}}],"collection":[{"href":"https:\/\/kravmagacaen.com\/index.php\/wp-json\/wp\/v2\/posts"}],"about":[{"href":"https:\/\/kravmagacaen.com\/index.php\/wp-json\/wp\/v2\/types\/post"}],"author":[{"embeddable":true,"href":"https:\/\/kravmagacaen.com\/index.php\/wp-json\/wp\/v2\/users\/3"}],"replies":[{"embeddable":true,"href":"https:\/\/kravmagacaen.com\/index.php\/wp-json\/wp\/v2\/comments?post=2382"}],"version-history":[{"count":6,"href":"https:\/\/kravmagacaen.com\/index.php\/wp-json\/wp\/v2\/posts\/2382\/revisions"}],"predecessor-version":[{"id":2392,"href":"https:\/\/kravmagacaen.com\/index.php\/wp-json\/wp\/v2\/posts\/2382\/revisions\/2392"}],"wp:attachment":[{"href":"https:\/\/kravmagacaen.com\/index.php\/wp-json\/wp\/v2\/media?parent=2382"}],"wp:term":[{"taxonomy":"category","embeddable":true,"href":"https:\/\/kravmagacaen.com\/index.php\/wp-json\/wp\/v2\/categories?post=2382"},{"taxonomy":"post_tag","embeddable":true,"href":"https:\/\/kravmagacaen.com\/index.php\/wp-json\/wp\/v2\/tags?post=2382"}],"curies":[{"name":"wp","href":"https:\/\/api.w.org\/{rel}","templated":true}]}}