{"id":2596,"date":"2023-07-22T16:11:58","date_gmt":"2023-07-22T14:11:58","guid":{"rendered":"https:\/\/kravmagacaen.com\/?p=2596"},"modified":"2023-07-22T16:11:59","modified_gmt":"2023-07-22T14:11:59","slug":"rentree-krav-maga-caen-le-lundi-4-septembre-2023","status":"publish","type":"post","link":"https:\/\/kravmagacaen.com\/index.php\/2023\/07\/22\/rentree-krav-maga-caen-le-lundi-4-septembre-2023\/","title":{"rendered":"Rentr\u00e9e Krav Maga Caen le lundi 4 septembre 2023"},"content":{"rendered":"\n<div data-wp-interactive=\"core\/file\" class=\"wp-block-file aligncenter\"><object data-wp-bind--hidden=\"!state.hasPdfPreview\" hidden class=\"wp-block-file__embed\" data=\"https:\/\/kravmagacaen.com\/wp-content\/uploads\/2023\/07\/affiche-Rentree-2023-2024-1.pdf\" type=\"application\/pdf\" style=\"width:100%;height:1200px\" aria-label=\"Contenu embarqu\u00e9 affiche - Rentr\u00e9e 2023-2024.\"><\/object><a id=\"wp-block-file--media-e0230430-f1a6-43db-82b7-a4b80b15b8a4\" href=\"https:\/\/kravmagacaen.com\/wp-content\/uploads\/2023\/07\/affiche-Rentree-2023-2024-1.pdf\">affiche &#8211; Rentr\u00e9e 2023-2024<\/a><a href=\"https:\/\/kravmagacaen.com\/wp-content\/uploads\/2023\/07\/affiche-Rentree-2023-2024-1.pdf\" class=\"wp-block-file__button wp-element-button\" download aria-describedby=\"wp-block-file--media-e0230430-f1a6-43db-82b7-a4b80b15b8a4\">T\u00e9l\u00e9charger<\/a><\/div>\n","protected":false},"excerpt":{"rendered":"","protected":false},"author":3,"featured_media":0,"comment_status":"closed","ping_status":"open","sticky":false,"template":"","format":"standard","meta":{"_exactmetrics_skip_tracking":false,"_exactmetrics_sitenote_active":false,"_exactmetrics_sitenote_note":"","_exactmetrics_sitenote_category":0,"footnotes":""},"categories":[12],"tags":[],"class_list":["post-2596","post","type-post","status-publish","format-standard","hentry","category-news"],"yoast_head":"<!-- This site is optimized with the Yoast SEO plugin v27.5 - https:\/\/yoast.com\/product\/yoast-seo-wordpress\/ -->\n<title>Rentr\u00e9e Krav Maga Caen le lundi 4 septembre 2023 - Krav Maga Caen<\/title>\n<meta name=\"robots\" content=\"index, follow, max-snippet:-1, max-image-preview:large, max-video-preview:-1\" \/>\n<link rel=\"canonical\" href=\"https:\/\/kravmagacaen.com\/index.php\/2023\/07\/22\/rentree-krav-maga-caen-le-lundi-4-septembre-2023\/\" \/>\n<meta property=\"og:locale\" content=\"fr_FR\" \/>\n<meta property=\"og:type\" content=\"article\" \/>\n<meta property=\"og:title\" content=\"Rentr\u00e9e Krav Maga Caen le lundi 4 septembre 2023 - Krav Maga Caen\" \/>\n<meta property=\"og:url\" content=\"https:\/\/kravmagacaen.com\/index.php\/2023\/07\/22\/rentree-krav-maga-caen-le-lundi-4-septembre-2023\/\" \/>\n<meta property=\"og:site_name\" content=\"Krav Maga Caen\" \/>\n<meta property=\"article:publisher\" content=\"https:\/\/www.facebook.com\/groups\/1646556705578289\/\" \/>\n<meta property=\"article:published_time\" content=\"2023-07-22T14:11:58+00:00\" \/>\n<meta property=\"article:modified_time\" content=\"2023-07-22T14:11:59+00:00\" \/>\n<meta name=\"author\" content=\"Christophe\" \/>\n<meta name=\"twitter:card\" content=\"summary_large_image\" \/>\n<meta name=\"twitter:label1\" content=\"\u00c9crit par\" \/>\n\t<meta name=\"twitter:data1\" content=\"Christophe\" \/>\n\t<meta name=\"twitter:label2\" content=\"Dur\u00e9e de lecture estim\u00e9e\" \/>\n\t<meta name=\"twitter:data2\" content=\"1 minute\" \/>\n<script type=\"application\/ld+json\" class=\"yoast-schema-graph\">{\"@context\":\"https:\\\/\\\/schema.org\",\"@graph\":[{\"@type\":\"Article\",\"@id\":\"https:\\\/\\\/kravmagacaen.com\\\/index.php\\\/2023\\\/07\\\/22\\\/rentree-krav-maga-caen-le-lundi-4-septembre-2023\\\/#article\",\"isPartOf\":{\"@id\":\"https:\\\/\\\/kravmagacaen.com\\\/index.php\\\/2023\\\/07\\\/22\\\/rentree-krav-maga-caen-le-lundi-4-septembre-2023\\\/\"},\"author\":{\"name\":\"Christophe\",\"@id\":\"https:\\\/\\\/kravmagacaen.com\\\/#\\\/schema\\\/person\\\/14f72c3848a8c875cf6938cd48102a7d\"},\"headline\":\"Rentr\u00e9e Krav Maga Caen le lundi 4 septembre 2023\",\"datePublished\":\"2023-07-22T14:11:58+00:00\",\"dateModified\":\"2023-07-22T14:11:59+00:00\",\"mainEntityOfPage\":{\"@id\":\"https:\\\/\\\/kravmagacaen.com\\\/index.php\\\/2023\\\/07\\\/22\\\/rentree-krav-maga-caen-le-lundi-4-septembre-2023\\\/\"},\"wordCount\":16,\"publisher\":{\"@id\":\"https:\\\/\\\/kravmagacaen.com\\\/#organization\"},\"articleSection\":[\"news\"],\"inLanguage\":\"fr-FR\"},{\"@type\":\"WebPage\",\"@id\":\"https:\\\/\\\/kravmagacaen.com\\\/index.php\\\/2023\\\/07\\\/22\\\/rentree-krav-maga-caen-le-lundi-4-septembre-2023\\\/\",\"url\":\"https:\\\/\\\/kravmagacaen.com\\\/index.php\\\/2023\\\/07\\\/22\\\/rentree-krav-maga-caen-le-lundi-4-septembre-2023\\\/\",\"name\":\"Rentr\u00e9e Krav Maga Caen le lundi 4 septembre 2023 - Krav Maga Caen\",\"isPartOf\":{\"@id\":\"https:\\\/\\\/kravmagacaen.com\\\/#website\"},\"datePublished\":\"2023-07-22T14:11:58+00:00\",\"dateModified\":\"2023-07-22T14:11:59+00:00\",\"breadcrumb\":{\"@id\":\"https:\\\/\\\/kravmagacaen.com\\\/index.php\\\/2023\\\/07\\\/22\\\/rentree-krav-maga-caen-le-lundi-4-septembre-2023\\\/#breadcrumb\"},\"inLanguage\":\"fr-FR\",\"potentialAction\":[{\"@type\":\"ReadAction\",\"target\":[\"https:\\\/\\\/kravmagacaen.com\\\/index.php\\\/2023\\\/07\\\/22\\\/rentree-krav-maga-caen-le-lundi-4-septembre-2023\\\/\"]}]},{\"@type\":\"BreadcrumbList\",\"@id\":\"https:\\\/\\\/kravmagacaen.com\\\/index.php\\\/2023\\\/07\\\/22\\\/rentree-krav-maga-caen-le-lundi-4-septembre-2023\\\/#breadcrumb\",\"itemListElement\":[{\"@type\":\"ListItem\",\"position\":1,\"name\":\"Accueil\",\"item\":\"https:\\\/\\\/kravmagacaen.com\\\/\"},{\"@type\":\"ListItem\",\"position\":2,\"name\":\"Rentr\u00e9e Krav Maga Caen le lundi 4 septembre 2023\"}]},{\"@type\":\"WebSite\",\"@id\":\"https:\\\/\\\/kravmagacaen.com\\\/#website\",\"url\":\"https:\\\/\\\/kravmagacaen.com\\\/\",\"name\":\"Krav Maga Caen\",\"description\":\"Club affili\u00e9 \u00e0 la FEKM\",\"publisher\":{\"@id\":\"https:\\\/\\\/kravmagacaen.com\\\/#organization\"},\"potentialAction\":[{\"@type\":\"SearchAction\",\"target\":{\"@type\":\"EntryPoint\",\"urlTemplate\":\"https:\\\/\\\/kravmagacaen.com\\\/?s={search_term_string}\"},\"query-input\":{\"@type\":\"PropertyValueSpecification\",\"valueRequired\":true,\"valueName\":\"search_term_string\"}}],\"inLanguage\":\"fr-FR\"},{\"@type\":\"Organization\",\"@id\":\"https:\\\/\\\/kravmagacaen.com\\\/#organization\",\"name\":\"Krav Maga Caen USCC\",\"url\":\"https:\\\/\\\/kravmagacaen.com\\\/\",\"logo\":{\"@type\":\"ImageObject\",\"inLanguage\":\"fr-FR\",\"@id\":\"https:\\\/\\\/kravmagacaen.com\\\/#\\\/schema\\\/logo\\\/image\\\/\",\"url\":\"https:\\\/\\\/kravmagacaen.com\\\/wp-content\\\/uploads\\\/2017\\\/08\\\/poing_baptiste.jpg\",\"contentUrl\":\"https:\\\/\\\/kravmagacaen.com\\\/wp-content\\\/uploads\\\/2017\\\/08\\\/poing_baptiste.jpg\",\"width\":640,\"height\":852,\"caption\":\"Krav Maga Caen USCC\"},\"image\":{\"@id\":\"https:\\\/\\\/kravmagacaen.com\\\/#\\\/schema\\\/logo\\\/image\\\/\"},\"sameAs\":[\"https:\\\/\\\/www.facebook.com\\\/groups\\\/1646556705578289\\\/\"]},{\"@type\":\"Person\",\"@id\":\"https:\\\/\\\/kravmagacaen.com\\\/#\\\/schema\\\/person\\\/14f72c3848a8c875cf6938cd48102a7d\",\"name\":\"Christophe\",\"image\":{\"@type\":\"ImageObject\",\"inLanguage\":\"fr-FR\",\"@id\":\"https:\\\/\\\/secure.gravatar.com\\\/avatar\\\/82c78d4cff5d11c31cef62a201edc4072d00edd5718c764044ce9f005e0d391d?s=96&d=mm&r=g\",\"url\":\"https:\\\/\\\/secure.gravatar.com\\\/avatar\\\/82c78d4cff5d11c31cef62a201edc4072d00edd5718c764044ce9f005e0d391d?s=96&d=mm&r=g\",\"contentUrl\":\"https:\\\/\\\/secure.gravatar.com\\\/avatar\\\/82c78d4cff5d11c31cef62a201edc4072d00edd5718c764044ce9f005e0d391d?s=96&d=mm&r=g\",\"caption\":\"Christophe\"},\"url\":\"https:\\\/\\\/kravmagacaen.com\\\/index.php\\\/author\\\/admindoudou\\\/\"}]}<\/script>\n<!-- \/ Yoast SEO plugin. -->","yoast_head_json":{"title":"Rentr\u00e9e Krav Maga Caen le lundi 4 septembre 2023 - Krav Maga Caen","robots":{"index":"index","follow":"follow","max-snippet":"max-snippet:-1","max-image-preview":"max-image-preview:large","max-video-preview":"max-video-preview:-1"},"canonical":"https:\/\/kravmagacaen.com\/index.php\/2023\/07\/22\/rentree-krav-maga-caen-le-lundi-4-septembre-2023\/","og_locale":"fr_FR","og_type":"article","og_title":"Rentr\u00e9e Krav Maga Caen le lundi 4 septembre 2023 - Krav Maga Caen","og_url":"https:\/\/kravmagacaen.com\/index.php\/2023\/07\/22\/rentree-krav-maga-caen-le-lundi-4-septembre-2023\/","og_site_name":"Krav Maga Caen","article_publisher":"https:\/\/www.facebook.com\/groups\/1646556705578289\/","article_published_time":"2023-07-22T14:11:58+00:00","article_modified_time":"2023-07-22T14:11:59+00:00","author":"Christophe","twitter_card":"summary_large_image","twitter_misc":{"\u00c9crit par":"Christophe","Dur\u00e9e de lecture estim\u00e9e":"1 minute"},"schema":{"@context":"https:\/\/schema.org","@graph":[{"@type":"Article","@id":"https:\/\/kravmagacaen.com\/index.php\/2023\/07\/22\/rentree-krav-maga-caen-le-lundi-4-septembre-2023\/#article","isPartOf":{"@id":"https:\/\/kravmagacaen.com\/index.php\/2023\/07\/22\/rentree-krav-maga-caen-le-lundi-4-septembre-2023\/"},"author":{"name":"Christophe","@id":"https:\/\/kravmagacaen.com\/#\/schema\/person\/14f72c3848a8c875cf6938cd48102a7d"},"headline":"Rentr\u00e9e Krav Maga Caen le lundi 4 septembre 2023","datePublished":"2023-07-22T14:11:58+00:00","dateModified":"2023-07-22T14:11:59+00:00","mainEntityOfPage":{"@id":"https:\/\/kravmagacaen.com\/index.php\/2023\/07\/22\/rentree-krav-maga-caen-le-lundi-4-septembre-2023\/"},"wordCount":16,"publisher":{"@id":"https:\/\/kravmagacaen.com\/#organization"},"articleSection":["news"],"inLanguage":"fr-FR"},{"@type":"WebPage","@id":"https:\/\/kravmagacaen.com\/index.php\/2023\/07\/22\/rentree-krav-maga-caen-le-lundi-4-septembre-2023\/","url":"https:\/\/kravmagacaen.com\/index.php\/2023\/07\/22\/rentree-krav-maga-caen-le-lundi-4-septembre-2023\/","name":"Rentr\u00e9e Krav Maga Caen le lundi 4 septembre 2023 - Krav Maga Caen","isPartOf":{"@id":"https:\/\/kravmagacaen.com\/#website"},"datePublished":"2023-07-22T14:11:58+00:00","dateModified":"2023-07-22T14:11:59+00:00","breadcrumb":{"@id":"https:\/\/kravmagacaen.com\/index.php\/2023\/07\/22\/rentree-krav-maga-caen-le-lundi-4-septembre-2023\/#breadcrumb"},"inLanguage":"fr-FR","potentialAction":[{"@type":"ReadAction","target":["https:\/\/kravmagacaen.com\/index.php\/2023\/07\/22\/rentree-krav-maga-caen-le-lundi-4-septembre-2023\/"]}]},{"@type":"BreadcrumbList","@id":"https:\/\/kravmagacaen.com\/index.php\/2023\/07\/22\/rentree-krav-maga-caen-le-lundi-4-septembre-2023\/#breadcrumb","itemListElement":[{"@type":"ListItem","position":1,"name":"Accueil","item":"https:\/\/kravmagacaen.com\/"},{"@type":"ListItem","position":2,"name":"Rentr\u00e9e Krav Maga Caen le lundi 4 septembre 2023"}]},{"@type":"WebSite","@id":"https:\/\/kravmagacaen.com\/#website","url":"https:\/\/kravmagacaen.com\/","name":"Krav Maga Caen","description":"Club affili\u00e9 \u00e0 la FEKM","publisher":{"@id":"https:\/\/kravmagacaen.com\/#organization"},"potentialAction":[{"@type":"SearchAction","target":{"@type":"EntryPoint","urlTemplate":"https:\/\/kravmagacaen.com\/?s={search_term_string}"},"query-input":{"@type":"PropertyValueSpecification","valueRequired":true,"valueName":"search_term_string"}}],"inLanguage":"fr-FR"},{"@type":"Organization","@id":"https:\/\/kravmagacaen.com\/#organization","name":"Krav Maga Caen USCC","url":"https:\/\/kravmagacaen.com\/","logo":{"@type":"ImageObject","inLanguage":"fr-FR","@id":"https:\/\/kravmagacaen.com\/#\/schema\/logo\/image\/","url":"https:\/\/kravmagacaen.com\/wp-content\/uploads\/2017\/08\/poing_baptiste.jpg","contentUrl":"https:\/\/kravmagacaen.com\/wp-content\/uploads\/2017\/08\/poing_baptiste.jpg","width":640,"height":852,"caption":"Krav Maga Caen USCC"},"image":{"@id":"https:\/\/kravmagacaen.com\/#\/schema\/logo\/image\/"},"sameAs":["https:\/\/www.facebook.com\/groups\/1646556705578289\/"]},{"@type":"Person","@id":"https:\/\/kravmagacaen.com\/#\/schema\/person\/14f72c3848a8c875cf6938cd48102a7d","name":"Christophe","image":{"@type":"ImageObject","inLanguage":"fr-FR","@id":"https:\/\/secure.gravatar.com\/avatar\/82c78d4cff5d11c31cef62a201edc4072d00edd5718c764044ce9f005e0d391d?s=96&d=mm&r=g","url":"https:\/\/secure.gravatar.com\/avatar\/82c78d4cff5d11c31cef62a201edc4072d00edd5718c764044ce9f005e0d391d?s=96&d=mm&r=g","contentUrl":"https:\/\/secure.gravatar.com\/avatar\/82c78d4cff5d11c31cef62a201edc4072d00edd5718c764044ce9f005e0d391d?s=96&d=mm&r=g","caption":"Christophe"},"url":"https:\/\/kravmagacaen.com\/index.php\/author\/admindoudou\/"}]}},"_links":{"self":[{"href":"https:\/\/kravmagacaen.com\/index.php\/wp-json\/wp\/v2\/posts\/2596","targetHints":{"allow":["GET"]}}],"collection":[{"href":"https:\/\/kravmagacaen.com\/index.php\/wp-json\/wp\/v2\/posts"}],"about":[{"href":"https:\/\/kravmagacaen.com\/index.php\/wp-json\/wp\/v2\/types\/post"}],"author":[{"embeddable":true,"href":"https:\/\/kravmagacaen.com\/index.php\/wp-json\/wp\/v2\/users\/3"}],"replies":[{"embeddable":true,"href":"https:\/\/kravmagacaen.com\/index.php\/wp-json\/wp\/v2\/comments?post=2596"}],"version-history":[{"count":3,"href":"https:\/\/kravmagacaen.com\/index.php\/wp-json\/wp\/v2\/posts\/2596\/revisions"}],"predecessor-version":[{"id":2599,"href":"https:\/\/kravmagacaen.com\/index.php\/wp-json\/wp\/v2\/posts\/2596\/revisions\/2599"}],"wp:attachment":[{"href":"https:\/\/kravmagacaen.com\/index.php\/wp-json\/wp\/v2\/media?parent=2596"}],"wp:term":[{"taxonomy":"category","embeddable":true,"href":"https:\/\/kravmagacaen.com\/index.php\/wp-json\/wp\/v2\/categories?post=2596"},{"taxonomy":"post_tag","embeddable":true,"href":"https:\/\/kravmagacaen.com\/index.php\/wp-json\/wp\/v2\/tags?post=2596"}],"curies":[{"name":"wp","href":"https:\/\/api.w.org\/{rel}","templated":true}]}}