{"id":2638,"date":"2023-10-06T08:32:44","date_gmt":"2023-10-06T06:32:44","guid":{"rendered":"https:\/\/kravmagacaen.com\/?p=2638"},"modified":"2023-10-06T08:42:01","modified_gmt":"2023-10-06T06:42:01","slug":"samedi-21-octobre-stage-avec-jimmy-huvet","status":"publish","type":"post","link":"https:\/\/kravmagacaen.com\/index.php\/2023\/10\/06\/samedi-21-octobre-stage-avec-jimmy-huvet\/","title":{"rendered":"Samedi 21 octobre : Stage avec Jimmy HUVET"},"content":{"rendered":"<p><a href=\"https:\/\/kravmagacaen.com\/wp-content\/uploads\/2023\/10\/affiche-Jimmy-HUVET-21oct2023.pdf\" target=\"_blank\" rel=\"noopener\"><img loading=\"lazy\" decoding=\"async\" class=\"wp-image-2636 aligncenter\" src=\"https:\/\/kravmagacaen.com\/wp-content\/uploads\/2023\/10\/Affiche-Jimmy-HUVET-21oct2023-212x300.jpg\" alt=\"\" width=\"334\" height=\"473\" srcset=\"https:\/\/kravmagacaen.com\/wp-content\/uploads\/2023\/10\/Affiche-Jimmy-HUVET-21oct2023-212x300.jpg 212w, https:\/\/kravmagacaen.com\/wp-content\/uploads\/2023\/10\/Affiche-Jimmy-HUVET-21oct2023-724x1024.jpg 724w, https:\/\/kravmagacaen.com\/wp-content\/uploads\/2023\/10\/Affiche-Jimmy-HUVET-21oct2023-768x1087.jpg 768w, https:\/\/kravmagacaen.com\/wp-content\/uploads\/2023\/10\/Affiche-Jimmy-HUVET-21oct2023-1085x1536.jpg 1085w, https:\/\/kravmagacaen.com\/wp-content\/uploads\/2023\/10\/Affiche-Jimmy-HUVET-21oct2023-1447x2048.jpg 1447w, https:\/\/kravmagacaen.com\/wp-content\/uploads\/2023\/10\/Affiche-Jimmy-HUVET-21oct2023-1000x1415.jpg 1000w, https:\/\/kravmagacaen.com\/wp-content\/uploads\/2023\/10\/Affiche-Jimmy-HUVET-21oct2023-230x325.jpg 230w, https:\/\/kravmagacaen.com\/wp-content\/uploads\/2023\/10\/Affiche-Jimmy-HUVET-21oct2023-350x495.jpg 350w, https:\/\/kravmagacaen.com\/wp-content\/uploads\/2023\/10\/Affiche-Jimmy-HUVET-21oct2023-480x679.jpg 480w, https:\/\/kravmagacaen.com\/wp-content\/uploads\/2023\/10\/Affiche-Jimmy-HUVET-21oct2023-scaled.jpg 1809w\" sizes=\"auto, (max-width: 334px) 100vw, 334px\" \/><\/a><\/p>\n<p>Organis\u00e9 par <strong>Krav Maga Caen<\/strong>, ce stage sera anim\u00e9 par <strong>Jimmy Huvet<\/strong>.<\/p>\n<p>Le \u00ab psychologue fighter \u00bb, formateur en gestion de conflit, expert f\u00e9d\u00e9ral FEKM, ceinture noire 5\u00e8me darga de krav maga FEKM, sp\u00e9cialiste de la lutte et du combat au sol (pratiquant ex-comp\u00e9titeur grad\u00e9 en Luta Livre).<\/p>\n<p>Deux th\u00e8mes seront abord\u00e9s lors de cet \u00e9v\u00e8nement :<\/p>\n<ol>\n<li>\u00ab Corps \u00e0 corps : gestion et vices en Krav Maga\u00bb\u00a0 \u00a0(Seconde Edition)<\/li>\n<li>\u00ab le Combat en Krav Maga \u00bb<\/li>\n<\/ol>\n<p>&nbsp;<\/p>\n<p>L\u2019objectif du premier th\u00e8me, d\u00e9j\u00e0 abord\u00e9e la saison pass\u00e9e, est de d\u00e9couvrir et, ou, se perfectionner dans la gestion d\u2019un agresseur sur mi-distance et distance courte (avec pr\u00e9hension, avec saisies, sur tentative de frappes, d\u2019amen\u00e9es au sol\u2026).\u00a0\u00a0Cette gestion s\u2019exercera par l\u2019utilisation de frappes, de points de pression, d\u2019une attitude et de vices sp\u00e9cifiques au Krav Maga FEKM.<\/p>\n<p>&nbsp;<\/p>\n<p>Dans le second th\u00e8me, nous travaillerons le combat en krav Maga.<br \/>\nComment s\u2019y pr\u00e9parer ? (mindset, respiration\u2026)<br \/>\nComment d\u00e9couvrir, exploiter, optimiser son potentiel en combat ?<br \/>\nComment lever les diff\u00e9rents blocages psychologiques li\u00e9s \u00e0 cette \u00e9preuve ? (stress, anxi\u00e9t\u00e9..).<\/p>\n<p>&nbsp;<\/p>\n<p>Ce stage est ouvert \u00e0 tous (d\u00e9butants, interm\u00e9diaires, confirm\u00e9s)<\/p>\n<p>&nbsp;<\/p>\n<p>Tenue officielle FEKM, pensez \u00e0 votre mat\u00e9riel de s\u00e9curit\u00e9 pugilistique (gants, prot\u00e8ge dents, coquilles\u2026)<\/p>\n<p>&nbsp;<\/p>\n<p>\ud83d\udcc6 De <strong>14h00 \u00e0 17h00<\/strong>, accueil sur place \u00e0 partir de 13h30.<\/p>\n<p>Lieu : <a href=\"https:\/\/maps.app.goo.gl\/qFNu5wEerSTJG3Aj6\" target=\"_blank\" rel=\"noopener\">\u00ab <strong>MC Studio<\/strong>\u00bb <\/a><br \/>\n101 Rue Philippe Livry Level,\u00a0Quartier Koenig, 14760 Bretteville sur Odon<\/p>\n<p>Tarif :\u00a0 \u00a0 \u00a015 \u20ac pour licenci\u00e9 FEKM<br \/>\n20 \u20ac hors FEKM<\/p>\n","protected":false},"excerpt":{"rendered":"<p>Organis\u00e9 par Krav Maga Caen, ce stage sera anim\u00e9 par Jimmy Huvet. Le \u00ab psychologue fighter \u00bb, formateur en gestion de conflit, expert f\u00e9d\u00e9ral FEKM, ceinture noire 5\u00e8me darga de krav maga FEKM, sp\u00e9cialiste de la lutte et du combat au sol (pratiquant ex-comp\u00e9titeur grad\u00e9 en Luta Livre). Deux th\u00e8mes seront abord\u00e9s lors de cet [&hellip;]<\/p>\n","protected":false},"author":3,"featured_media":0,"comment_status":"closed","ping_status":"open","sticky":false,"template":"","format":"standard","meta":{"_exactmetrics_skip_tracking":false,"_exactmetrics_sitenote_active":false,"_exactmetrics_sitenote_note":"","_exactmetrics_sitenote_category":0,"footnotes":""},"categories":[12],"tags":[],"class_list":["post-2638","post","type-post","status-publish","format-standard","hentry","category-news"],"yoast_head":"<!-- This site is optimized with the Yoast SEO plugin v27.5 - https:\/\/yoast.com\/product\/yoast-seo-wordpress\/ -->\n<title>Samedi 21 octobre : Stage avec Jimmy HUVET - Krav Maga Caen<\/title>\n<meta name=\"robots\" content=\"index, follow, max-snippet:-1, max-image-preview:large, max-video-preview:-1\" \/>\n<link rel=\"canonical\" href=\"https:\/\/kravmagacaen.com\/index.php\/2023\/10\/06\/samedi-21-octobre-stage-avec-jimmy-huvet\/\" \/>\n<meta property=\"og:locale\" content=\"fr_FR\" \/>\n<meta property=\"og:type\" content=\"article\" \/>\n<meta property=\"og:title\" content=\"Samedi 21 octobre : Stage avec Jimmy HUVET - Krav Maga Caen\" \/>\n<meta property=\"og:description\" content=\"Organis\u00e9 par Krav Maga Caen, ce stage sera anim\u00e9 par Jimmy Huvet. Le \u00ab psychologue fighter \u00bb, formateur en gestion de conflit, expert f\u00e9d\u00e9ral FEKM, ceinture noire 5\u00e8me darga de krav maga FEKM, sp\u00e9cialiste de la lutte et du combat au sol (pratiquant ex-comp\u00e9titeur grad\u00e9 en Luta Livre). Deux th\u00e8mes seront abord\u00e9s lors de cet [&hellip;]\" \/>\n<meta property=\"og:url\" content=\"https:\/\/kravmagacaen.com\/index.php\/2023\/10\/06\/samedi-21-octobre-stage-avec-jimmy-huvet\/\" \/>\n<meta property=\"og:site_name\" content=\"Krav Maga Caen\" \/>\n<meta property=\"article:publisher\" content=\"https:\/\/www.facebook.com\/groups\/1646556705578289\/\" \/>\n<meta property=\"article:published_time\" content=\"2023-10-06T06:32:44+00:00\" \/>\n<meta property=\"article:modified_time\" content=\"2023-10-06T06:42:01+00:00\" \/>\n<meta property=\"og:image\" content=\"https:\/\/kravmagacaen.com\/wp-content\/uploads\/2023\/10\/Affiche-Jimmy-HUVET-21oct2023-212x300.jpg\" \/>\n<meta name=\"author\" content=\"Christophe\" \/>\n<meta name=\"twitter:card\" content=\"summary_large_image\" \/>\n<meta name=\"twitter:label1\" content=\"\u00c9crit par\" \/>\n\t<meta name=\"twitter:data1\" content=\"Christophe\" \/>\n\t<meta name=\"twitter:label2\" content=\"Dur\u00e9e de lecture estim\u00e9e\" \/>\n\t<meta name=\"twitter:data2\" content=\"2 minutes\" \/>\n<script type=\"application\/ld+json\" class=\"yoast-schema-graph\">{\"@context\":\"https:\\\/\\\/schema.org\",\"@graph\":[{\"@type\":\"Article\",\"@id\":\"https:\\\/\\\/kravmagacaen.com\\\/index.php\\\/2023\\\/10\\\/06\\\/samedi-21-octobre-stage-avec-jimmy-huvet\\\/#article\",\"isPartOf\":{\"@id\":\"https:\\\/\\\/kravmagacaen.com\\\/index.php\\\/2023\\\/10\\\/06\\\/samedi-21-octobre-stage-avec-jimmy-huvet\\\/\"},\"author\":{\"name\":\"Christophe\",\"@id\":\"https:\\\/\\\/kravmagacaen.com\\\/#\\\/schema\\\/person\\\/14f72c3848a8c875cf6938cd48102a7d\"},\"headline\":\"Samedi 21 octobre : Stage avec Jimmy HUVET\",\"datePublished\":\"2023-10-06T06:32:44+00:00\",\"dateModified\":\"2023-10-06T06:42:01+00:00\",\"mainEntityOfPage\":{\"@id\":\"https:\\\/\\\/kravmagacaen.com\\\/index.php\\\/2023\\\/10\\\/06\\\/samedi-21-octobre-stage-avec-jimmy-huvet\\\/\"},\"wordCount\":255,\"publisher\":{\"@id\":\"https:\\\/\\\/kravmagacaen.com\\\/#organization\"},\"image\":{\"@id\":\"https:\\\/\\\/kravmagacaen.com\\\/index.php\\\/2023\\\/10\\\/06\\\/samedi-21-octobre-stage-avec-jimmy-huvet\\\/#primaryimage\"},\"thumbnailUrl\":\"https:\\\/\\\/kravmagacaen.com\\\/wp-content\\\/uploads\\\/2023\\\/10\\\/Affiche-Jimmy-HUVET-21oct2023-212x300.jpg\",\"articleSection\":[\"news\"],\"inLanguage\":\"fr-FR\"},{\"@type\":\"WebPage\",\"@id\":\"https:\\\/\\\/kravmagacaen.com\\\/index.php\\\/2023\\\/10\\\/06\\\/samedi-21-octobre-stage-avec-jimmy-huvet\\\/\",\"url\":\"https:\\\/\\\/kravmagacaen.com\\\/index.php\\\/2023\\\/10\\\/06\\\/samedi-21-octobre-stage-avec-jimmy-huvet\\\/\",\"name\":\"Samedi 21 octobre : Stage avec Jimmy HUVET - Krav Maga Caen\",\"isPartOf\":{\"@id\":\"https:\\\/\\\/kravmagacaen.com\\\/#website\"},\"primaryImageOfPage\":{\"@id\":\"https:\\\/\\\/kravmagacaen.com\\\/index.php\\\/2023\\\/10\\\/06\\\/samedi-21-octobre-stage-avec-jimmy-huvet\\\/#primaryimage\"},\"image\":{\"@id\":\"https:\\\/\\\/kravmagacaen.com\\\/index.php\\\/2023\\\/10\\\/06\\\/samedi-21-octobre-stage-avec-jimmy-huvet\\\/#primaryimage\"},\"thumbnailUrl\":\"https:\\\/\\\/kravmagacaen.com\\\/wp-content\\\/uploads\\\/2023\\\/10\\\/Affiche-Jimmy-HUVET-21oct2023-212x300.jpg\",\"datePublished\":\"2023-10-06T06:32:44+00:00\",\"dateModified\":\"2023-10-06T06:42:01+00:00\",\"breadcrumb\":{\"@id\":\"https:\\\/\\\/kravmagacaen.com\\\/index.php\\\/2023\\\/10\\\/06\\\/samedi-21-octobre-stage-avec-jimmy-huvet\\\/#breadcrumb\"},\"inLanguage\":\"fr-FR\",\"potentialAction\":[{\"@type\":\"ReadAction\",\"target\":[\"https:\\\/\\\/kravmagacaen.com\\\/index.php\\\/2023\\\/10\\\/06\\\/samedi-21-octobre-stage-avec-jimmy-huvet\\\/\"]}]},{\"@type\":\"ImageObject\",\"inLanguage\":\"fr-FR\",\"@id\":\"https:\\\/\\\/kravmagacaen.com\\\/index.php\\\/2023\\\/10\\\/06\\\/samedi-21-octobre-stage-avec-jimmy-huvet\\\/#primaryimage\",\"url\":\"https:\\\/\\\/kravmagacaen.com\\\/wp-content\\\/uploads\\\/2023\\\/10\\\/Affiche-Jimmy-HUVET-21oct2023-scaled.jpg\",\"contentUrl\":\"https:\\\/\\\/kravmagacaen.com\\\/wp-content\\\/uploads\\\/2023\\\/10\\\/Affiche-Jimmy-HUVET-21oct2023-scaled.jpg\",\"width\":1809,\"height\":2560},{\"@type\":\"BreadcrumbList\",\"@id\":\"https:\\\/\\\/kravmagacaen.com\\\/index.php\\\/2023\\\/10\\\/06\\\/samedi-21-octobre-stage-avec-jimmy-huvet\\\/#breadcrumb\",\"itemListElement\":[{\"@type\":\"ListItem\",\"position\":1,\"name\":\"Accueil\",\"item\":\"https:\\\/\\\/kravmagacaen.com\\\/\"},{\"@type\":\"ListItem\",\"position\":2,\"name\":\"Samedi 21 octobre : Stage avec Jimmy HUVET\"}]},{\"@type\":\"WebSite\",\"@id\":\"https:\\\/\\\/kravmagacaen.com\\\/#website\",\"url\":\"https:\\\/\\\/kravmagacaen.com\\\/\",\"name\":\"Krav Maga Caen\",\"description\":\"Club affili\u00e9 \u00e0 la FEKM\",\"publisher\":{\"@id\":\"https:\\\/\\\/kravmagacaen.com\\\/#organization\"},\"potentialAction\":[{\"@type\":\"SearchAction\",\"target\":{\"@type\":\"EntryPoint\",\"urlTemplate\":\"https:\\\/\\\/kravmagacaen.com\\\/?s={search_term_string}\"},\"query-input\":{\"@type\":\"PropertyValueSpecification\",\"valueRequired\":true,\"valueName\":\"search_term_string\"}}],\"inLanguage\":\"fr-FR\"},{\"@type\":\"Organization\",\"@id\":\"https:\\\/\\\/kravmagacaen.com\\\/#organization\",\"name\":\"Krav Maga Caen USCC\",\"url\":\"https:\\\/\\\/kravmagacaen.com\\\/\",\"logo\":{\"@type\":\"ImageObject\",\"inLanguage\":\"fr-FR\",\"@id\":\"https:\\\/\\\/kravmagacaen.com\\\/#\\\/schema\\\/logo\\\/image\\\/\",\"url\":\"https:\\\/\\\/kravmagacaen.com\\\/wp-content\\\/uploads\\\/2017\\\/08\\\/poing_baptiste.jpg\",\"contentUrl\":\"https:\\\/\\\/kravmagacaen.com\\\/wp-content\\\/uploads\\\/2017\\\/08\\\/poing_baptiste.jpg\",\"width\":640,\"height\":852,\"caption\":\"Krav Maga Caen USCC\"},\"image\":{\"@id\":\"https:\\\/\\\/kravmagacaen.com\\\/#\\\/schema\\\/logo\\\/image\\\/\"},\"sameAs\":[\"https:\\\/\\\/www.facebook.com\\\/groups\\\/1646556705578289\\\/\"]},{\"@type\":\"Person\",\"@id\":\"https:\\\/\\\/kravmagacaen.com\\\/#\\\/schema\\\/person\\\/14f72c3848a8c875cf6938cd48102a7d\",\"name\":\"Christophe\",\"image\":{\"@type\":\"ImageObject\",\"inLanguage\":\"fr-FR\",\"@id\":\"https:\\\/\\\/secure.gravatar.com\\\/avatar\\\/82c78d4cff5d11c31cef62a201edc4072d00edd5718c764044ce9f005e0d391d?s=96&d=mm&r=g\",\"url\":\"https:\\\/\\\/secure.gravatar.com\\\/avatar\\\/82c78d4cff5d11c31cef62a201edc4072d00edd5718c764044ce9f005e0d391d?s=96&d=mm&r=g\",\"contentUrl\":\"https:\\\/\\\/secure.gravatar.com\\\/avatar\\\/82c78d4cff5d11c31cef62a201edc4072d00edd5718c764044ce9f005e0d391d?s=96&d=mm&r=g\",\"caption\":\"Christophe\"},\"url\":\"https:\\\/\\\/kravmagacaen.com\\\/index.php\\\/author\\\/admindoudou\\\/\"}]}<\/script>\n<!-- \/ Yoast SEO plugin. -->","yoast_head_json":{"title":"Samedi 21 octobre : Stage avec Jimmy HUVET - Krav Maga Caen","robots":{"index":"index","follow":"follow","max-snippet":"max-snippet:-1","max-image-preview":"max-image-preview:large","max-video-preview":"max-video-preview:-1"},"canonical":"https:\/\/kravmagacaen.com\/index.php\/2023\/10\/06\/samedi-21-octobre-stage-avec-jimmy-huvet\/","og_locale":"fr_FR","og_type":"article","og_title":"Samedi 21 octobre : Stage avec Jimmy HUVET - Krav Maga Caen","og_description":"Organis\u00e9 par Krav Maga Caen, ce stage sera anim\u00e9 par Jimmy Huvet. Le \u00ab psychologue fighter \u00bb, formateur en gestion de conflit, expert f\u00e9d\u00e9ral FEKM, ceinture noire 5\u00e8me darga de krav maga FEKM, sp\u00e9cialiste de la lutte et du combat au sol (pratiquant ex-comp\u00e9titeur grad\u00e9 en Luta Livre). Deux th\u00e8mes seront abord\u00e9s lors de cet [&hellip;]","og_url":"https:\/\/kravmagacaen.com\/index.php\/2023\/10\/06\/samedi-21-octobre-stage-avec-jimmy-huvet\/","og_site_name":"Krav Maga Caen","article_publisher":"https:\/\/www.facebook.com\/groups\/1646556705578289\/","article_published_time":"2023-10-06T06:32:44+00:00","article_modified_time":"2023-10-06T06:42:01+00:00","og_image":[{"url":"https:\/\/kravmagacaen.com\/wp-content\/uploads\/2023\/10\/Affiche-Jimmy-HUVET-21oct2023-212x300.jpg","type":"","width":"","height":""}],"author":"Christophe","twitter_card":"summary_large_image","twitter_misc":{"\u00c9crit par":"Christophe","Dur\u00e9e de lecture estim\u00e9e":"2 minutes"},"schema":{"@context":"https:\/\/schema.org","@graph":[{"@type":"Article","@id":"https:\/\/kravmagacaen.com\/index.php\/2023\/10\/06\/samedi-21-octobre-stage-avec-jimmy-huvet\/#article","isPartOf":{"@id":"https:\/\/kravmagacaen.com\/index.php\/2023\/10\/06\/samedi-21-octobre-stage-avec-jimmy-huvet\/"},"author":{"name":"Christophe","@id":"https:\/\/kravmagacaen.com\/#\/schema\/person\/14f72c3848a8c875cf6938cd48102a7d"},"headline":"Samedi 21 octobre : Stage avec Jimmy HUVET","datePublished":"2023-10-06T06:32:44+00:00","dateModified":"2023-10-06T06:42:01+00:00","mainEntityOfPage":{"@id":"https:\/\/kravmagacaen.com\/index.php\/2023\/10\/06\/samedi-21-octobre-stage-avec-jimmy-huvet\/"},"wordCount":255,"publisher":{"@id":"https:\/\/kravmagacaen.com\/#organization"},"image":{"@id":"https:\/\/kravmagacaen.com\/index.php\/2023\/10\/06\/samedi-21-octobre-stage-avec-jimmy-huvet\/#primaryimage"},"thumbnailUrl":"https:\/\/kravmagacaen.com\/wp-content\/uploads\/2023\/10\/Affiche-Jimmy-HUVET-21oct2023-212x300.jpg","articleSection":["news"],"inLanguage":"fr-FR"},{"@type":"WebPage","@id":"https:\/\/kravmagacaen.com\/index.php\/2023\/10\/06\/samedi-21-octobre-stage-avec-jimmy-huvet\/","url":"https:\/\/kravmagacaen.com\/index.php\/2023\/10\/06\/samedi-21-octobre-stage-avec-jimmy-huvet\/","name":"Samedi 21 octobre : Stage avec Jimmy HUVET - Krav Maga Caen","isPartOf":{"@id":"https:\/\/kravmagacaen.com\/#website"},"primaryImageOfPage":{"@id":"https:\/\/kravmagacaen.com\/index.php\/2023\/10\/06\/samedi-21-octobre-stage-avec-jimmy-huvet\/#primaryimage"},"image":{"@id":"https:\/\/kravmagacaen.com\/index.php\/2023\/10\/06\/samedi-21-octobre-stage-avec-jimmy-huvet\/#primaryimage"},"thumbnailUrl":"https:\/\/kravmagacaen.com\/wp-content\/uploads\/2023\/10\/Affiche-Jimmy-HUVET-21oct2023-212x300.jpg","datePublished":"2023-10-06T06:32:44+00:00","dateModified":"2023-10-06T06:42:01+00:00","breadcrumb":{"@id":"https:\/\/kravmagacaen.com\/index.php\/2023\/10\/06\/samedi-21-octobre-stage-avec-jimmy-huvet\/#breadcrumb"},"inLanguage":"fr-FR","potentialAction":[{"@type":"ReadAction","target":["https:\/\/kravmagacaen.com\/index.php\/2023\/10\/06\/samedi-21-octobre-stage-avec-jimmy-huvet\/"]}]},{"@type":"ImageObject","inLanguage":"fr-FR","@id":"https:\/\/kravmagacaen.com\/index.php\/2023\/10\/06\/samedi-21-octobre-stage-avec-jimmy-huvet\/#primaryimage","url":"https:\/\/kravmagacaen.com\/wp-content\/uploads\/2023\/10\/Affiche-Jimmy-HUVET-21oct2023-scaled.jpg","contentUrl":"https:\/\/kravmagacaen.com\/wp-content\/uploads\/2023\/10\/Affiche-Jimmy-HUVET-21oct2023-scaled.jpg","width":1809,"height":2560},{"@type":"BreadcrumbList","@id":"https:\/\/kravmagacaen.com\/index.php\/2023\/10\/06\/samedi-21-octobre-stage-avec-jimmy-huvet\/#breadcrumb","itemListElement":[{"@type":"ListItem","position":1,"name":"Accueil","item":"https:\/\/kravmagacaen.com\/"},{"@type":"ListItem","position":2,"name":"Samedi 21 octobre : Stage avec Jimmy HUVET"}]},{"@type":"WebSite","@id":"https:\/\/kravmagacaen.com\/#website","url":"https:\/\/kravmagacaen.com\/","name":"Krav Maga Caen","description":"Club affili\u00e9 \u00e0 la FEKM","publisher":{"@id":"https:\/\/kravmagacaen.com\/#organization"},"potentialAction":[{"@type":"SearchAction","target":{"@type":"EntryPoint","urlTemplate":"https:\/\/kravmagacaen.com\/?s={search_term_string}"},"query-input":{"@type":"PropertyValueSpecification","valueRequired":true,"valueName":"search_term_string"}}],"inLanguage":"fr-FR"},{"@type":"Organization","@id":"https:\/\/kravmagacaen.com\/#organization","name":"Krav Maga Caen USCC","url":"https:\/\/kravmagacaen.com\/","logo":{"@type":"ImageObject","inLanguage":"fr-FR","@id":"https:\/\/kravmagacaen.com\/#\/schema\/logo\/image\/","url":"https:\/\/kravmagacaen.com\/wp-content\/uploads\/2017\/08\/poing_baptiste.jpg","contentUrl":"https:\/\/kravmagacaen.com\/wp-content\/uploads\/2017\/08\/poing_baptiste.jpg","width":640,"height":852,"caption":"Krav Maga Caen USCC"},"image":{"@id":"https:\/\/kravmagacaen.com\/#\/schema\/logo\/image\/"},"sameAs":["https:\/\/www.facebook.com\/groups\/1646556705578289\/"]},{"@type":"Person","@id":"https:\/\/kravmagacaen.com\/#\/schema\/person\/14f72c3848a8c875cf6938cd48102a7d","name":"Christophe","image":{"@type":"ImageObject","inLanguage":"fr-FR","@id":"https:\/\/secure.gravatar.com\/avatar\/82c78d4cff5d11c31cef62a201edc4072d00edd5718c764044ce9f005e0d391d?s=96&d=mm&r=g","url":"https:\/\/secure.gravatar.com\/avatar\/82c78d4cff5d11c31cef62a201edc4072d00edd5718c764044ce9f005e0d391d?s=96&d=mm&r=g","contentUrl":"https:\/\/secure.gravatar.com\/avatar\/82c78d4cff5d11c31cef62a201edc4072d00edd5718c764044ce9f005e0d391d?s=96&d=mm&r=g","caption":"Christophe"},"url":"https:\/\/kravmagacaen.com\/index.php\/author\/admindoudou\/"}]}},"_links":{"self":[{"href":"https:\/\/kravmagacaen.com\/index.php\/wp-json\/wp\/v2\/posts\/2638","targetHints":{"allow":["GET"]}}],"collection":[{"href":"https:\/\/kravmagacaen.com\/index.php\/wp-json\/wp\/v2\/posts"}],"about":[{"href":"https:\/\/kravmagacaen.com\/index.php\/wp-json\/wp\/v2\/types\/post"}],"author":[{"embeddable":true,"href":"https:\/\/kravmagacaen.com\/index.php\/wp-json\/wp\/v2\/users\/3"}],"replies":[{"embeddable":true,"href":"https:\/\/kravmagacaen.com\/index.php\/wp-json\/wp\/v2\/comments?post=2638"}],"version-history":[{"count":3,"href":"https:\/\/kravmagacaen.com\/index.php\/wp-json\/wp\/v2\/posts\/2638\/revisions"}],"predecessor-version":[{"id":2641,"href":"https:\/\/kravmagacaen.com\/index.php\/wp-json\/wp\/v2\/posts\/2638\/revisions\/2641"}],"wp:attachment":[{"href":"https:\/\/kravmagacaen.com\/index.php\/wp-json\/wp\/v2\/media?parent=2638"}],"wp:term":[{"taxonomy":"category","embeddable":true,"href":"https:\/\/kravmagacaen.com\/index.php\/wp-json\/wp\/v2\/categories?post=2638"},{"taxonomy":"post_tag","embeddable":true,"href":"https:\/\/kravmagacaen.com\/index.php\/wp-json\/wp\/v2\/tags?post=2638"}],"curies":[{"name":"wp","href":"https:\/\/api.w.org\/{rel}","templated":true}]}}