{"id":2665,"date":"2023-11-05T19:20:12","date_gmt":"2023-11-05T18:20:12","guid":{"rendered":"https:\/\/kravmagacaen.com\/?p=2665"},"modified":"2024-10-20T14:22:52","modified_gmt":"2024-10-20T12:22:52","slug":"soiree-krav-maga-caen-2023","status":"publish","type":"post","link":"https:\/\/kravmagacaen.com\/index.php\/2023\/11\/05\/soiree-krav-maga-caen-2023\/","title":{"rendered":"SOIR\u00c9E KRAV MAGA CAEN 2023"},"content":{"rendered":"\n<figure class=\"wp-block-image aligncenter is-resized\"><a href=\"https:\/\/kravmagacaen.com\/wp-content\/uploads\/2023\/11\/affiche-Soiree-krav-maga-caen-16dec2023.pdf\" target=\"_blank\" rel=\"noreferrer noopener\"><img loading=\"lazy\" decoding=\"async\" width=\"1240\" height=\"1754\" src=\"https:\/\/kravmagacaen.com\/wp-content\/uploads\/2023\/11\/affiche-Soiree-krav-maga-caen-16dec2023.jpg\" alt=\"\" class=\"wp-image-2690\" style=\"aspect-ratio:0.7069555302166477;width:512px;height:auto\" srcset=\"https:\/\/kravmagacaen.com\/wp-content\/uploads\/2023\/11\/affiche-Soiree-krav-maga-caen-16dec2023.jpg 1240w, https:\/\/kravmagacaen.com\/wp-content\/uploads\/2023\/11\/affiche-Soiree-krav-maga-caen-16dec2023-212x300.jpg 212w, https:\/\/kravmagacaen.com\/wp-content\/uploads\/2023\/11\/affiche-Soiree-krav-maga-caen-16dec2023-724x1024.jpg 724w, https:\/\/kravmagacaen.com\/wp-content\/uploads\/2023\/11\/affiche-Soiree-krav-maga-caen-16dec2023-768x1086.jpg 768w, https:\/\/kravmagacaen.com\/wp-content\/uploads\/2023\/11\/affiche-Soiree-krav-maga-caen-16dec2023-1086x1536.jpg 1086w, https:\/\/kravmagacaen.com\/wp-content\/uploads\/2023\/11\/affiche-Soiree-krav-maga-caen-16dec2023-1000x1415.jpg 1000w, https:\/\/kravmagacaen.com\/wp-content\/uploads\/2023\/11\/affiche-Soiree-krav-maga-caen-16dec2023-230x325.jpg 230w, https:\/\/kravmagacaen.com\/wp-content\/uploads\/2023\/11\/affiche-Soiree-krav-maga-caen-16dec2023-350x495.jpg 350w, https:\/\/kravmagacaen.com\/wp-content\/uploads\/2023\/11\/affiche-Soiree-krav-maga-caen-16dec2023-480x679.jpg 480w\" sizes=\"auto, (max-width: 1240px) 100vw, 1240px\" \/><\/a><\/figure>\n\n\n\n<div class=\"wp-block-group has-global-padding is-layout-constrained wp-block-group-is-layout-constrained\">\n<p class=\"has-text-align-center\" style=\"font-size:16px\"><strong>Nous vous attendons cette ann\u00e9e au \u00ab CAF\u00c9 SAINT PIERRE \u00bb (135, Rue Saint Pierre \u00e0 Caen)<\/strong><br> <strong>pour un ap\u00e9ritif d\u00eenatoire, le samedi 16 D\u00e9cembre 2023 \u00e0 partir de 20H30<\/strong><\/p>\n\n\n\n<p class=\"has-text-align-center\" style=\"font-size:16px\"><strong>Ouvert aux licenci\u00e9(e)s et conjoint(e)s de Krav Maga Caen.<\/strong><br><strong>Tarif unique : 25\u20ac par personne<\/strong><\/p>\n\n\n\n<p class=\"has-text-align-center\" style=\"font-size:16px\"><strong>Comprenant au menu:<\/strong><\/p>\n\n\n\n<ul class=\"wp-block-list\">\n<li style=\"font-size:16px\"><strong>Boissons<\/strong>&nbsp;:\n<ul class=\"wp-block-list\">\n<li><strong>Sous forme de 3 tickets (1 par verre)<\/strong>\n<ul class=\"wp-block-list\">\n<li><strong>Bi\u00e8res (25cl)&nbsp;: blonde, blanche, triple, rouge\u2026<\/strong><\/li>\n\n\n\n<li><strong>Cidre (25cl)<\/strong><\/li>\n\n\n\n<li><strong>Vins (20 cl)&nbsp;: rouge, blanc (sec &amp; moelleux)<\/strong><\/li>\n\n\n\n<li><strong>Soft \u00e0 volont\u00e9 (Coca, jus d\u2019orange, limonade, sirops)<\/strong><\/li>\n\n\n\n<li><strong>\u26a0 Tout autre alcool ou cocktail payant au comptoir (spiritueux, liqueurs\u2026)<\/strong><\/li>\n<\/ul>\n<\/li>\n<\/ul>\n<\/li>\n\n\n\n<li style=\"font-size:16px\"><strong>Buffet&nbsp;:<\/strong>\n<ul class=\"wp-block-list\">\n<li><strong>Sal\u00e9 (Chaud et froid)<\/strong><\/li>\n\n\n\n<li><strong>Fromage<\/strong><\/li>\n<\/ul>\n<\/li>\n<\/ul>\n<\/div>\n\n\n\n<p class=\"has-text-align-center\" style=\"font-size:16px\">I<strong>NSCRIPTION UNIQUEMENT PENDANT LES COURS<br>(Mercredi 6 d\u00e9cembre dernier d\u00e9lais)<\/strong><\/p>\n\n\n\n<p class=\"has-text-align-center\" style=\"font-size:16px\">==&gt; <strong>Du fait de la privatisation de l\u2019\u00e9tablissement, nous vous demanderont de r\u00e9gler en esp\u00e8ces lors de votre inscription.<\/strong><\/p>\n\n\n\n<div class=\"wp-block-media-text has-media-on-the-right is-stacked-on-mobile\" style=\"grid-template-columns:auto 34%\"><div class=\"wp-block-media-text__content\">\n<p class=\"has-text-align-center has-medium-font-size\"><strong>On compte sur vous<\/strong><\/p>\n<\/div><figure class=\"wp-block-media-text__media\"><img loading=\"lazy\" decoding=\"async\" width=\"200\" height=\"200\" src=\"https:\/\/kravmagacaen.com\/wp-content\/uploads\/2023\/11\/S5r.gif\" alt=\"\" class=\"wp-image-2671 size-full\"\/><\/figure><\/div>\n\n\n\n<p class=\"has-text-align-right has-medium-font-size\"><strong>L\u2019\u00e9quipe Krav Maga Caen<\/strong><\/p>\n","protected":false},"excerpt":{"rendered":"<p>Nous vous attendons cette ann\u00e9e au \u00ab CAF\u00c9 SAINT PIERRE \u00bb (135, Rue Saint Pierre \u00e0 Caen) pour un ap\u00e9ritif d\u00eenatoire, le samedi 16 D\u00e9cembre 2023 \u00e0 partir de 20H30 Ouvert aux licenci\u00e9(e)s et conjoint(e)s de Krav Maga Caen.Tarif unique : 25\u20ac par personne Comprenant au menu: INSCRIPTION UNIQUEMENT PENDANT LES COURS(Mercredi 6 d\u00e9cembre dernier [&hellip;]<\/p>\n","protected":false},"author":3,"featured_media":0,"comment_status":"closed","ping_status":"open","sticky":false,"template":"","format":"standard","meta":{"_exactmetrics_skip_tracking":false,"_exactmetrics_sitenote_active":false,"_exactmetrics_sitenote_note":"","_exactmetrics_sitenote_category":0,"footnotes":""},"categories":[12],"tags":[],"class_list":["post-2665","post","type-post","status-publish","format-standard","hentry","category-news"],"yoast_head":"<!-- This site is optimized with the Yoast SEO plugin v27.5 - https:\/\/yoast.com\/product\/yoast-seo-wordpress\/ -->\n<title>SOIR\u00c9E KRAV MAGA CAEN 2023 - Krav Maga Caen<\/title>\n<meta name=\"robots\" content=\"index, follow, max-snippet:-1, max-image-preview:large, max-video-preview:-1\" \/>\n<link rel=\"canonical\" href=\"https:\/\/kravmagacaen.com\/index.php\/2023\/11\/05\/soiree-krav-maga-caen-2023\/\" \/>\n<meta property=\"og:locale\" content=\"fr_FR\" \/>\n<meta property=\"og:type\" content=\"article\" \/>\n<meta property=\"og:title\" content=\"SOIR\u00c9E KRAV MAGA CAEN 2023 - Krav Maga Caen\" \/>\n<meta property=\"og:description\" content=\"Nous vous attendons cette ann\u00e9e au \u00ab CAF\u00c9 SAINT PIERRE \u00bb (135, Rue Saint Pierre \u00e0 Caen) pour un ap\u00e9ritif d\u00eenatoire, le samedi 16 D\u00e9cembre 2023 \u00e0 partir de 20H30 Ouvert aux licenci\u00e9(e)s et conjoint(e)s de Krav Maga Caen.Tarif unique : 25\u20ac par personne Comprenant au menu: INSCRIPTION UNIQUEMENT PENDANT LES COURS(Mercredi 6 d\u00e9cembre dernier [&hellip;]\" \/>\n<meta property=\"og:url\" content=\"https:\/\/kravmagacaen.com\/index.php\/2023\/11\/05\/soiree-krav-maga-caen-2023\/\" \/>\n<meta property=\"og:site_name\" content=\"Krav Maga Caen\" \/>\n<meta property=\"article:publisher\" content=\"https:\/\/www.facebook.com\/groups\/1646556705578289\/\" \/>\n<meta property=\"article:published_time\" content=\"2023-11-05T18:20:12+00:00\" \/>\n<meta property=\"article:modified_time\" content=\"2024-10-20T12:22:52+00:00\" \/>\n<meta property=\"og:image\" content=\"https:\/\/kravmagacaen.com\/wp-content\/uploads\/2023\/11\/affiche-Soiree-krav-maga-caen-16dec2023.jpg\" \/>\n\t<meta property=\"og:image:width\" content=\"1240\" \/>\n\t<meta property=\"og:image:height\" content=\"1754\" \/>\n\t<meta property=\"og:image:type\" content=\"image\/jpeg\" \/>\n<meta name=\"author\" content=\"Christophe\" \/>\n<meta name=\"twitter:card\" content=\"summary_large_image\" \/>\n<meta name=\"twitter:label1\" content=\"\u00c9crit par\" \/>\n\t<meta name=\"twitter:data1\" content=\"Christophe\" \/>\n\t<meta name=\"twitter:label2\" content=\"Dur\u00e9e de lecture estim\u00e9e\" \/>\n\t<meta name=\"twitter:data2\" content=\"2 minutes\" \/>\n<script type=\"application\/ld+json\" class=\"yoast-schema-graph\">{\"@context\":\"https:\\\/\\\/schema.org\",\"@graph\":[{\"@type\":\"Article\",\"@id\":\"https:\\\/\\\/kravmagacaen.com\\\/index.php\\\/2023\\\/11\\\/05\\\/soiree-krav-maga-caen-2023\\\/#article\",\"isPartOf\":{\"@id\":\"https:\\\/\\\/kravmagacaen.com\\\/index.php\\\/2023\\\/11\\\/05\\\/soiree-krav-maga-caen-2023\\\/\"},\"author\":{\"name\":\"Christophe\",\"@id\":\"https:\\\/\\\/kravmagacaen.com\\\/#\\\/schema\\\/person\\\/14f72c3848a8c875cf6938cd48102a7d\"},\"headline\":\"SOIR\u00c9E KRAV MAGA CAEN 2023\",\"datePublished\":\"2023-11-05T18:20:12+00:00\",\"dateModified\":\"2024-10-20T12:22:52+00:00\",\"mainEntityOfPage\":{\"@id\":\"https:\\\/\\\/kravmagacaen.com\\\/index.php\\\/2023\\\/11\\\/05\\\/soiree-krav-maga-caen-2023\\\/\"},\"wordCount\":145,\"publisher\":{\"@id\":\"https:\\\/\\\/kravmagacaen.com\\\/#organization\"},\"image\":{\"@id\":\"https:\\\/\\\/kravmagacaen.com\\\/index.php\\\/2023\\\/11\\\/05\\\/soiree-krav-maga-caen-2023\\\/#primaryimage\"},\"thumbnailUrl\":\"https:\\\/\\\/kravmagacaen.com\\\/wp-content\\\/uploads\\\/2023\\\/11\\\/affiche-Soiree-krav-maga-caen-16dec2023.jpg\",\"articleSection\":[\"news\"],\"inLanguage\":\"fr-FR\"},{\"@type\":\"WebPage\",\"@id\":\"https:\\\/\\\/kravmagacaen.com\\\/index.php\\\/2023\\\/11\\\/05\\\/soiree-krav-maga-caen-2023\\\/\",\"url\":\"https:\\\/\\\/kravmagacaen.com\\\/index.php\\\/2023\\\/11\\\/05\\\/soiree-krav-maga-caen-2023\\\/\",\"name\":\"SOIR\u00c9E KRAV MAGA CAEN 2023 - Krav Maga Caen\",\"isPartOf\":{\"@id\":\"https:\\\/\\\/kravmagacaen.com\\\/#website\"},\"primaryImageOfPage\":{\"@id\":\"https:\\\/\\\/kravmagacaen.com\\\/index.php\\\/2023\\\/11\\\/05\\\/soiree-krav-maga-caen-2023\\\/#primaryimage\"},\"image\":{\"@id\":\"https:\\\/\\\/kravmagacaen.com\\\/index.php\\\/2023\\\/11\\\/05\\\/soiree-krav-maga-caen-2023\\\/#primaryimage\"},\"thumbnailUrl\":\"https:\\\/\\\/kravmagacaen.com\\\/wp-content\\\/uploads\\\/2023\\\/11\\\/affiche-Soiree-krav-maga-caen-16dec2023.jpg\",\"datePublished\":\"2023-11-05T18:20:12+00:00\",\"dateModified\":\"2024-10-20T12:22:52+00:00\",\"breadcrumb\":{\"@id\":\"https:\\\/\\\/kravmagacaen.com\\\/index.php\\\/2023\\\/11\\\/05\\\/soiree-krav-maga-caen-2023\\\/#breadcrumb\"},\"inLanguage\":\"fr-FR\",\"potentialAction\":[{\"@type\":\"ReadAction\",\"target\":[\"https:\\\/\\\/kravmagacaen.com\\\/index.php\\\/2023\\\/11\\\/05\\\/soiree-krav-maga-caen-2023\\\/\"]}]},{\"@type\":\"ImageObject\",\"inLanguage\":\"fr-FR\",\"@id\":\"https:\\\/\\\/kravmagacaen.com\\\/index.php\\\/2023\\\/11\\\/05\\\/soiree-krav-maga-caen-2023\\\/#primaryimage\",\"url\":\"https:\\\/\\\/kravmagacaen.com\\\/wp-content\\\/uploads\\\/2023\\\/11\\\/affiche-Soiree-krav-maga-caen-16dec2023.jpg\",\"contentUrl\":\"https:\\\/\\\/kravmagacaen.com\\\/wp-content\\\/uploads\\\/2023\\\/11\\\/affiche-Soiree-krav-maga-caen-16dec2023.jpg\",\"width\":1240,\"height\":1754},{\"@type\":\"BreadcrumbList\",\"@id\":\"https:\\\/\\\/kravmagacaen.com\\\/index.php\\\/2023\\\/11\\\/05\\\/soiree-krav-maga-caen-2023\\\/#breadcrumb\",\"itemListElement\":[{\"@type\":\"ListItem\",\"position\":1,\"name\":\"Accueil\",\"item\":\"https:\\\/\\\/kravmagacaen.com\\\/\"},{\"@type\":\"ListItem\",\"position\":2,\"name\":\"SOIR\u00c9E KRAV MAGA CAEN 2023\"}]},{\"@type\":\"WebSite\",\"@id\":\"https:\\\/\\\/kravmagacaen.com\\\/#website\",\"url\":\"https:\\\/\\\/kravmagacaen.com\\\/\",\"name\":\"Krav Maga Caen\",\"description\":\"Club affili\u00e9 \u00e0 la FEKM\",\"publisher\":{\"@id\":\"https:\\\/\\\/kravmagacaen.com\\\/#organization\"},\"potentialAction\":[{\"@type\":\"SearchAction\",\"target\":{\"@type\":\"EntryPoint\",\"urlTemplate\":\"https:\\\/\\\/kravmagacaen.com\\\/?s={search_term_string}\"},\"query-input\":{\"@type\":\"PropertyValueSpecification\",\"valueRequired\":true,\"valueName\":\"search_term_string\"}}],\"inLanguage\":\"fr-FR\"},{\"@type\":\"Organization\",\"@id\":\"https:\\\/\\\/kravmagacaen.com\\\/#organization\",\"name\":\"Krav Maga Caen USCC\",\"url\":\"https:\\\/\\\/kravmagacaen.com\\\/\",\"logo\":{\"@type\":\"ImageObject\",\"inLanguage\":\"fr-FR\",\"@id\":\"https:\\\/\\\/kravmagacaen.com\\\/#\\\/schema\\\/logo\\\/image\\\/\",\"url\":\"https:\\\/\\\/kravmagacaen.com\\\/wp-content\\\/uploads\\\/2017\\\/08\\\/poing_baptiste.jpg\",\"contentUrl\":\"https:\\\/\\\/kravmagacaen.com\\\/wp-content\\\/uploads\\\/2017\\\/08\\\/poing_baptiste.jpg\",\"width\":640,\"height\":852,\"caption\":\"Krav Maga Caen USCC\"},\"image\":{\"@id\":\"https:\\\/\\\/kravmagacaen.com\\\/#\\\/schema\\\/logo\\\/image\\\/\"},\"sameAs\":[\"https:\\\/\\\/www.facebook.com\\\/groups\\\/1646556705578289\\\/\"]},{\"@type\":\"Person\",\"@id\":\"https:\\\/\\\/kravmagacaen.com\\\/#\\\/schema\\\/person\\\/14f72c3848a8c875cf6938cd48102a7d\",\"name\":\"Christophe\",\"image\":{\"@type\":\"ImageObject\",\"inLanguage\":\"fr-FR\",\"@id\":\"https:\\\/\\\/secure.gravatar.com\\\/avatar\\\/82c78d4cff5d11c31cef62a201edc4072d00edd5718c764044ce9f005e0d391d?s=96&d=mm&r=g\",\"url\":\"https:\\\/\\\/secure.gravatar.com\\\/avatar\\\/82c78d4cff5d11c31cef62a201edc4072d00edd5718c764044ce9f005e0d391d?s=96&d=mm&r=g\",\"contentUrl\":\"https:\\\/\\\/secure.gravatar.com\\\/avatar\\\/82c78d4cff5d11c31cef62a201edc4072d00edd5718c764044ce9f005e0d391d?s=96&d=mm&r=g\",\"caption\":\"Christophe\"},\"url\":\"https:\\\/\\\/kravmagacaen.com\\\/index.php\\\/author\\\/admindoudou\\\/\"}]}<\/script>\n<!-- \/ Yoast SEO plugin. -->","yoast_head_json":{"title":"SOIR\u00c9E KRAV MAGA CAEN 2023 - Krav Maga Caen","robots":{"index":"index","follow":"follow","max-snippet":"max-snippet:-1","max-image-preview":"max-image-preview:large","max-video-preview":"max-video-preview:-1"},"canonical":"https:\/\/kravmagacaen.com\/index.php\/2023\/11\/05\/soiree-krav-maga-caen-2023\/","og_locale":"fr_FR","og_type":"article","og_title":"SOIR\u00c9E KRAV MAGA CAEN 2023 - Krav Maga Caen","og_description":"Nous vous attendons cette ann\u00e9e au \u00ab CAF\u00c9 SAINT PIERRE \u00bb (135, Rue Saint Pierre \u00e0 Caen) pour un ap\u00e9ritif d\u00eenatoire, le samedi 16 D\u00e9cembre 2023 \u00e0 partir de 20H30 Ouvert aux licenci\u00e9(e)s et conjoint(e)s de Krav Maga Caen.Tarif unique : 25\u20ac par personne Comprenant au menu: INSCRIPTION UNIQUEMENT PENDANT LES COURS(Mercredi 6 d\u00e9cembre dernier [&hellip;]","og_url":"https:\/\/kravmagacaen.com\/index.php\/2023\/11\/05\/soiree-krav-maga-caen-2023\/","og_site_name":"Krav Maga Caen","article_publisher":"https:\/\/www.facebook.com\/groups\/1646556705578289\/","article_published_time":"2023-11-05T18:20:12+00:00","article_modified_time":"2024-10-20T12:22:52+00:00","og_image":[{"width":1240,"height":1754,"url":"https:\/\/kravmagacaen.com\/wp-content\/uploads\/2023\/11\/affiche-Soiree-krav-maga-caen-16dec2023.jpg","type":"image\/jpeg"}],"author":"Christophe","twitter_card":"summary_large_image","twitter_misc":{"\u00c9crit par":"Christophe","Dur\u00e9e de lecture estim\u00e9e":"2 minutes"},"schema":{"@context":"https:\/\/schema.org","@graph":[{"@type":"Article","@id":"https:\/\/kravmagacaen.com\/index.php\/2023\/11\/05\/soiree-krav-maga-caen-2023\/#article","isPartOf":{"@id":"https:\/\/kravmagacaen.com\/index.php\/2023\/11\/05\/soiree-krav-maga-caen-2023\/"},"author":{"name":"Christophe","@id":"https:\/\/kravmagacaen.com\/#\/schema\/person\/14f72c3848a8c875cf6938cd48102a7d"},"headline":"SOIR\u00c9E KRAV MAGA CAEN 2023","datePublished":"2023-11-05T18:20:12+00:00","dateModified":"2024-10-20T12:22:52+00:00","mainEntityOfPage":{"@id":"https:\/\/kravmagacaen.com\/index.php\/2023\/11\/05\/soiree-krav-maga-caen-2023\/"},"wordCount":145,"publisher":{"@id":"https:\/\/kravmagacaen.com\/#organization"},"image":{"@id":"https:\/\/kravmagacaen.com\/index.php\/2023\/11\/05\/soiree-krav-maga-caen-2023\/#primaryimage"},"thumbnailUrl":"https:\/\/kravmagacaen.com\/wp-content\/uploads\/2023\/11\/affiche-Soiree-krav-maga-caen-16dec2023.jpg","articleSection":["news"],"inLanguage":"fr-FR"},{"@type":"WebPage","@id":"https:\/\/kravmagacaen.com\/index.php\/2023\/11\/05\/soiree-krav-maga-caen-2023\/","url":"https:\/\/kravmagacaen.com\/index.php\/2023\/11\/05\/soiree-krav-maga-caen-2023\/","name":"SOIR\u00c9E KRAV MAGA CAEN 2023 - Krav Maga Caen","isPartOf":{"@id":"https:\/\/kravmagacaen.com\/#website"},"primaryImageOfPage":{"@id":"https:\/\/kravmagacaen.com\/index.php\/2023\/11\/05\/soiree-krav-maga-caen-2023\/#primaryimage"},"image":{"@id":"https:\/\/kravmagacaen.com\/index.php\/2023\/11\/05\/soiree-krav-maga-caen-2023\/#primaryimage"},"thumbnailUrl":"https:\/\/kravmagacaen.com\/wp-content\/uploads\/2023\/11\/affiche-Soiree-krav-maga-caen-16dec2023.jpg","datePublished":"2023-11-05T18:20:12+00:00","dateModified":"2024-10-20T12:22:52+00:00","breadcrumb":{"@id":"https:\/\/kravmagacaen.com\/index.php\/2023\/11\/05\/soiree-krav-maga-caen-2023\/#breadcrumb"},"inLanguage":"fr-FR","potentialAction":[{"@type":"ReadAction","target":["https:\/\/kravmagacaen.com\/index.php\/2023\/11\/05\/soiree-krav-maga-caen-2023\/"]}]},{"@type":"ImageObject","inLanguage":"fr-FR","@id":"https:\/\/kravmagacaen.com\/index.php\/2023\/11\/05\/soiree-krav-maga-caen-2023\/#primaryimage","url":"https:\/\/kravmagacaen.com\/wp-content\/uploads\/2023\/11\/affiche-Soiree-krav-maga-caen-16dec2023.jpg","contentUrl":"https:\/\/kravmagacaen.com\/wp-content\/uploads\/2023\/11\/affiche-Soiree-krav-maga-caen-16dec2023.jpg","width":1240,"height":1754},{"@type":"BreadcrumbList","@id":"https:\/\/kravmagacaen.com\/index.php\/2023\/11\/05\/soiree-krav-maga-caen-2023\/#breadcrumb","itemListElement":[{"@type":"ListItem","position":1,"name":"Accueil","item":"https:\/\/kravmagacaen.com\/"},{"@type":"ListItem","position":2,"name":"SOIR\u00c9E KRAV MAGA CAEN 2023"}]},{"@type":"WebSite","@id":"https:\/\/kravmagacaen.com\/#website","url":"https:\/\/kravmagacaen.com\/","name":"Krav Maga Caen","description":"Club affili\u00e9 \u00e0 la FEKM","publisher":{"@id":"https:\/\/kravmagacaen.com\/#organization"},"potentialAction":[{"@type":"SearchAction","target":{"@type":"EntryPoint","urlTemplate":"https:\/\/kravmagacaen.com\/?s={search_term_string}"},"query-input":{"@type":"PropertyValueSpecification","valueRequired":true,"valueName":"search_term_string"}}],"inLanguage":"fr-FR"},{"@type":"Organization","@id":"https:\/\/kravmagacaen.com\/#organization","name":"Krav Maga Caen USCC","url":"https:\/\/kravmagacaen.com\/","logo":{"@type":"ImageObject","inLanguage":"fr-FR","@id":"https:\/\/kravmagacaen.com\/#\/schema\/logo\/image\/","url":"https:\/\/kravmagacaen.com\/wp-content\/uploads\/2017\/08\/poing_baptiste.jpg","contentUrl":"https:\/\/kravmagacaen.com\/wp-content\/uploads\/2017\/08\/poing_baptiste.jpg","width":640,"height":852,"caption":"Krav Maga Caen USCC"},"image":{"@id":"https:\/\/kravmagacaen.com\/#\/schema\/logo\/image\/"},"sameAs":["https:\/\/www.facebook.com\/groups\/1646556705578289\/"]},{"@type":"Person","@id":"https:\/\/kravmagacaen.com\/#\/schema\/person\/14f72c3848a8c875cf6938cd48102a7d","name":"Christophe","image":{"@type":"ImageObject","inLanguage":"fr-FR","@id":"https:\/\/secure.gravatar.com\/avatar\/82c78d4cff5d11c31cef62a201edc4072d00edd5718c764044ce9f005e0d391d?s=96&d=mm&r=g","url":"https:\/\/secure.gravatar.com\/avatar\/82c78d4cff5d11c31cef62a201edc4072d00edd5718c764044ce9f005e0d391d?s=96&d=mm&r=g","contentUrl":"https:\/\/secure.gravatar.com\/avatar\/82c78d4cff5d11c31cef62a201edc4072d00edd5718c764044ce9f005e0d391d?s=96&d=mm&r=g","caption":"Christophe"},"url":"https:\/\/kravmagacaen.com\/index.php\/author\/admindoudou\/"}]}},"_links":{"self":[{"href":"https:\/\/kravmagacaen.com\/index.php\/wp-json\/wp\/v2\/posts\/2665","targetHints":{"allow":["GET"]}}],"collection":[{"href":"https:\/\/kravmagacaen.com\/index.php\/wp-json\/wp\/v2\/posts"}],"about":[{"href":"https:\/\/kravmagacaen.com\/index.php\/wp-json\/wp\/v2\/types\/post"}],"author":[{"embeddable":true,"href":"https:\/\/kravmagacaen.com\/index.php\/wp-json\/wp\/v2\/users\/3"}],"replies":[{"embeddable":true,"href":"https:\/\/kravmagacaen.com\/index.php\/wp-json\/wp\/v2\/comments?post=2665"}],"version-history":[{"count":15,"href":"https:\/\/kravmagacaen.com\/index.php\/wp-json\/wp\/v2\/posts\/2665\/revisions"}],"predecessor-version":[{"id":2860,"href":"https:\/\/kravmagacaen.com\/index.php\/wp-json\/wp\/v2\/posts\/2665\/revisions\/2860"}],"wp:attachment":[{"href":"https:\/\/kravmagacaen.com\/index.php\/wp-json\/wp\/v2\/media?parent=2665"}],"wp:term":[{"taxonomy":"category","embeddable":true,"href":"https:\/\/kravmagacaen.com\/index.php\/wp-json\/wp\/v2\/categories?post=2665"},{"taxonomy":"post_tag","embeddable":true,"href":"https:\/\/kravmagacaen.com\/index.php\/wp-json\/wp\/v2\/tags?post=2665"}],"curies":[{"name":"wp","href":"https:\/\/api.w.org\/{rel}","templated":true}]}}